{"id":64333,"date":"2022-09-08T16:25:48","date_gmt":"2022-09-08T19:25:48","guid":{"rendered":"https:\/\/www.centraldenoticias.com.ar\/?p=64333"},"modified":"2022-09-08T16:25:48","modified_gmt":"2022-09-08T19:25:48","slug":"coopelectric-recibio-la-visita-de-la-cooperativa-electrica-de-las-flores","status":"publish","type":"post","link":"https:\/\/cdnoticias.com\/index.php\/2022\/09\/08\/coopelectric-recibio-la-visita-de-la-cooperativa-electrica-de-las-flores\/","title":{"rendered":"Coopelectric recibi\u00f3 la visita de la Cooperativa El\u00e9ctrica de Las Flores"},"content":{"rendered":"<p>\u201cEs un placer recibir en nuestra sede a los integrantes de Cooperativas hermanas&#8221; indic\u00f3 el titular de Coopelectric, Cruz Arouxet. Llegaron \u00a0autoridades y personal.<!--more--><\/p>\n<hr \/>\n<p>&nbsp;<\/p>\n<p><strong>Coopelectric recibi\u00f3 la visita de las autoridades y personal de la Cooperativa El\u00e9ctrica de Las Flores.<\/strong> El encuentro interinstitucional tuvo lugar en la sede administrativa ubicada en Belgrano 2850 y constituy\u00f3 un espacio de intercambio sobre el mercado el\u00e9ctrico y las diferentes prestaciones que brindan las entidades.<\/p>\n<p>&nbsp;<\/p>\n<p>Por <strong>Coopelectric<\/strong> estuvieron presentes el titular del Consejo de Administraci\u00f3n Cruz Arouxet, el gerente de Coordinaci\u00f3n Ejecutiva Oscar L\u00f3pez, el gerente de distribuci\u00f3n del Servicio El\u00e9ctrico Claudio N\u00e1poli, el gerente de Operaciones y Calidad de Servicio Jorge Vornetti, el subgerente de Coordinaci\u00f3n Administrativa Enrique Lospinoso, el subgerente de Nuevas Tecnolog\u00edas Rafael Miccio, el jefe de Recursos Humanos Bruno Bonsignore y el jefe de Atenci\u00f3n al Usuario Gabriel Laborde.<\/p>\n<p>&nbsp;<\/p>\n<p>En tanto, por la <strong>Cooperativa de Las Flores<\/strong> participaron el presidente del Consejo de Administraci\u00f3n Luis Garc\u00eda, el gerente Pedro Chervero, el Consejero Municipal Javier Guidini, el jefe de Scada Mauricio Cesareo, Fabrizio Sinnot del \u00e1rea T\u00e9cnica, el capataz de Redes Gast\u00f3n Boneff\u00f3n, el jefe de Facturaci\u00f3n Adri\u00e1n Borda, la jefa de Atenci\u00f3n al P\u00fablico Marcela G\u00f3mez, el jefe de Gesti\u00f3n Humana y Compras Ezequiel Coronel, la coordinadora de Servicios Sociales Julieta Illeras, el coordinador de Telecomunicaciones Luciano Minoli y la S\u00edndica Externa Manuela Su\u00e1rez.<\/p>\n<p>&nbsp;<\/p>\n<p>Los representantes de cada \u00e1rea <strong>pudieron intercambiar experiencias y compartir informaci\u00f3n sobre la metodolog\u00eda de trabajo y los procedimientos implementados en las diferentes \u00e1reas<\/strong> operativas y administrativas; sobre aspectos regulatorios, tarifarios y t\u00e9cnicos del Servicio El\u00e9ctrico, las caracter\u00edsticas de la prestaci\u00f3n de Servicios Sociales, las tareas y proyectos vinculados a telecomunicaciones, sobre las actividades institucionales que se desarrollan en cada comunidad, el v\u00ednculo con los asociados, entre otros temas.<\/p>\n<p>&nbsp;<\/p>\n<p>Tras la jornada, el <strong>titular de Coopelectric Cruz Arouxet<\/strong> manifest\u00f3 \u201c<strong>es un placer recibir en nuestra sede a los integrantes de Cooperativas hermanas<\/strong>. Este tipo de encuentros ponen en valor los principios de nuestro movimiento cooperativo\u201d y a continuaci\u00f3n a\u00f1adi\u00f3 \u201cfue enriquecedor y productivo porque<strong> surgieron tem\u00e1ticas muy interesantes que sirven para potenciar el trabajo que cada entidad viene realizando\u201d.<\/strong><\/p>\n","protected":false},"excerpt":{"rendered":"<p>\u201cEs un placer recibir en nuestra sede a los integrantes de Cooperativas hermanas&#8221; indic\u00f3 el titular de Coopelectric, Cruz Arouxet.<\/p>\n","protected":false},"author":6,"featured_media":64334,"comment_status":"closed","ping_status":"closed","sticky":false,"template":"","format":"standard","meta":{"_jetpack_memberships_contains_paid_content":false,"footnotes":""},"categories":[5,1],"tags":[],"class_list":["post-64333","post","type-post","status-publish","format-standard","has-post-thumbnail","hentry","category-informacion-general","category-portada"],"jetpack_featured_media_url":"https:\/\/i0.wp.com\/cdnoticias.com\/wp-content\/uploads\/2022\/09\/Encuentro-Coopelectric-Coop-Las-Flores.jpg?fit=1444%2C914&ssl=1","jetpack_sharing_enabled":true,"_links":{"self":[{"href":"https:\/\/cdnoticias.com\/index.php\/wp-json\/wp\/v2\/posts\/64333","targetHints":{"allow":["GET"]}}],"collection":[{"href":"https:\/\/cdnoticias.com\/index.php\/wp-json\/wp\/v2\/posts"}],"about":[{"href":"https:\/\/cdnoticias.com\/index.php\/wp-json\/wp\/v2\/types\/post"}],"author":[{"embeddable":true,"href":"https:\/\/cdnoticias.com\/index.php\/wp-json\/wp\/v2\/users\/6"}],"replies":[{"embeddable":true,"href":"https:\/\/cdnoticias.com\/index.php\/wp-json\/wp\/v2\/comments?post=64333"}],"version-history":[{"count":0,"href":"https:\/\/cdnoticias.com\/index.php\/wp-json\/wp\/v2\/posts\/64333\/revisions"}],"wp:featuredmedia":[{"embeddable":true,"href":"https:\/\/cdnoticias.com\/index.php\/wp-json\/wp\/v2\/media\/64334"}],"wp:attachment":[{"href":"https:\/\/cdnoticias.com\/index.php\/wp-json\/wp\/v2\/media?parent=64333"}],"wp:term":[{"taxonomy":"category","embeddable":true,"href":"https:\/\/cdnoticias.com\/index.php\/wp-json\/wp\/v2\/categories?post=64333"},{"taxonomy":"post_tag","embeddable":true,"href":"https:\/\/cdnoticias.com\/index.php\/wp-json\/wp\/v2\/tags?post=64333"}],"curies":[{"name":"wp","href":"https:\/\/api.w.org\/{rel}","templated":true}]}}