{"id":64318,"date":"2022-09-08T17:07:43","date_gmt":"2022-09-08T20:07:43","guid":{"rendered":"https:\/\/www.centraldenoticias.com.ar\/?p=64318"},"modified":"2022-09-08T17:07:43","modified_gmt":"2022-09-08T20:07:43","slug":"este-lunes-se-realizara-la-expo-formacionempleo","status":"publish","type":"post","link":"https:\/\/cdnoticias.com\/index.php\/2022\/09\/08\/este-lunes-se-realizara-la-expo-formacionempleo\/","title":{"rendered":"Este lunes se realizar\u00e1 la Expo Formaci\u00f3n+Empleo"},"content":{"rendered":"<p>Se inform\u00f3 la nueva fecha tras la suspensi\u00f3n por el Feriado Nacional del d\u00eda viernes 2 de septiembre.<!--more--><\/p>\n<hr \/>\n<p>&nbsp;<\/p>\n<p>Finalmente, <strong>este lunes 12 se llevar\u00e1 a cabo la Expo Formaci\u00f3n+Empleo<\/strong>, luego de la suspensi\u00f3n por el Feriado Nacional del d\u00eda viernes 2 de septiembre.<\/p>\n<p>&nbsp;<\/p>\n<p>Organizada por la Secretar\u00eda de Desarrollo Econ\u00f3mico del Municipio, <strong>en el marco del D\u00eda de la Industria, la actividad tendr\u00e1 lugar en el Centro de Convenciones Olavarr\u00eda<\/strong>, y <strong>se desarrollar\u00e1 de 9:00 a 17:00<\/strong> seg\u00fan el cronograma previsto (a excepci\u00f3n de algunas modificaciones).<\/p>\n<p>&nbsp;<\/p>\n<p>El Secretario de Desarrollo Econ\u00f3mico<strong> Julio Valetutto<\/strong> explic\u00f3 que \u201c<em>tendr\u00e1 como objetivo <strong>ofrecer un espacio de visualizaci\u00f3n de los perfiles laborales de los diferentes sectores econ\u00f3micos<\/strong>, y contribuir a la difusi\u00f3n de la oferta de formaci\u00f3n que brindan las diferentes instituciones educativas de la ciudad\u201d.<\/em><\/p>\n<p>&nbsp;<\/p>\n<p>Acompa\u00f1an esta iniciativa organizaciones que conforman el ecosistema de formaci\u00f3n y trabajo de la ciudad como ITECO, Asociaci\u00f3n del Parque Industrial, Uni\u00f3n Industrial, Sociedad Rural, C\u00e1mara de la Piedra, C\u00e1mara Empresaria y Cl\u00faster de Software.<\/p>\n<p>&nbsp;<\/p>\n<p>El evento contar\u00e1 con <strong>30 stands de empresas,<\/strong> representantes de los sectores econ\u00f3micos de la ciudad y de instituciones educativas, actividades l\u00fadicas, talleres de empleabilidad y charlas. Est\u00e1 destinado al <strong>p\u00fablico en general, estudiantes de carreras terciarias y universitarias.\u00a0<\/strong><\/p>\n<p>&nbsp;<\/p>\n<p>Por m\u00e1s informaci\u00f3n, podr\u00e1n contactarse a trav\u00e9s del mail expoformacionempleo@olavarria.gov.ar o a los tel\u00e9fonos de la Secretar\u00eda de Desarrollo Econ\u00f3mico 2284- 422195\/422135.<\/p>\n","protected":false},"excerpt":{"rendered":"<p>Se inform\u00f3 la nueva fecha tras la suspensi\u00f3n por el Feriado Nacional del d\u00eda viernes 2 de septiembre.<\/p>\n","protected":false},"author":6,"featured_media":62955,"comment_status":"closed","ping_status":"closed","sticky":false,"template":"","format":"standard","meta":{"_jetpack_memberships_contains_paid_content":false,"footnotes":""},"categories":[5,1],"tags":[],"class_list":["post-64318","post","type-post","status-publish","format-standard","has-post-thumbnail","hentry","category-informacion-general","category-portada"],"jetpack_featured_media_url":"https:\/\/i0.wp.com\/cdnoticias.com\/wp-content\/uploads\/2022\/08\/Frente-CCO-centro-de-convenciones.jpg?fit=800%2C445&ssl=1","jetpack_sharing_enabled":true,"_links":{"self":[{"href":"https:\/\/cdnoticias.com\/index.php\/wp-json\/wp\/v2\/posts\/64318","targetHints":{"allow":["GET"]}}],"collection":[{"href":"https:\/\/cdnoticias.com\/index.php\/wp-json\/wp\/v2\/posts"}],"about":[{"href":"https:\/\/cdnoticias.com\/index.php\/wp-json\/wp\/v2\/types\/post"}],"author":[{"embeddable":true,"href":"https:\/\/cdnoticias.com\/index.php\/wp-json\/wp\/v2\/users\/6"}],"replies":[{"embeddable":true,"href":"https:\/\/cdnoticias.com\/index.php\/wp-json\/wp\/v2\/comments?post=64318"}],"version-history":[{"count":0,"href":"https:\/\/cdnoticias.com\/index.php\/wp-json\/wp\/v2\/posts\/64318\/revisions"}],"wp:featuredmedia":[{"embeddable":true,"href":"https:\/\/cdnoticias.com\/index.php\/wp-json\/wp\/v2\/media\/62955"}],"wp:attachment":[{"href":"https:\/\/cdnoticias.com\/index.php\/wp-json\/wp\/v2\/media?parent=64318"}],"wp:term":[{"taxonomy":"category","embeddable":true,"href":"https:\/\/cdnoticias.com\/index.php\/wp-json\/wp\/v2\/categories?post=64318"},{"taxonomy":"post_tag","embeddable":true,"href":"https:\/\/cdnoticias.com\/index.php\/wp-json\/wp\/v2\/tags?post=64318"}],"curies":[{"name":"wp","href":"https:\/\/api.w.org\/{rel}","templated":true}]}}