{"id":64268,"date":"2022-09-07T12:26:33","date_gmt":"2022-09-07T15:26:33","guid":{"rendered":"https:\/\/www.centraldenoticias.com.ar\/?p=64268"},"modified":"2022-09-07T12:32:29","modified_gmt":"2022-09-07T15:32:29","slug":"cecilia-moreau-recibio-alexis-guerrera-para-analizar-la-ley-de-alcohol-cero","status":"publish","type":"post","link":"https:\/\/cdnoticias.com\/index.php\/2022\/09\/07\/cecilia-moreau-recibio-alexis-guerrera-para-analizar-la-ley-de-alcohol-cero\/","title":{"rendered":"Cecilia Moreau recibi\u00f3 Alexis Guerrera para analizar la Ley de Alcohol Cero"},"content":{"rendered":"<p>Se reunieron en Diputados para dialogar sobre el tratamiento de la iniciativa. Tambi\u00e9n dialogaron sobre el Fondo Compensador al Transporte P\u00fablico.<!--more--><\/p>\n<hr \/>\n<p>La <strong>presidenta de la C\u00e1mara baja, Cecilia Moreau, y el ministro de Transporte de la Naci\u00f3n, Alexis Guerrera<\/strong>, se reunieron en Diputados para dialogar sobre el tratamiento de la iniciativa que establece la <strong>prohibici\u00f3n del consumo de alcohol para conductores de veh\u00edculos en el territorio nacional.<\/strong><\/p>\n<p>&nbsp;<\/p>\n<p>Tambi\u00e9n, dialogaron sobre el<strong> Fondo Compensador al Transporte P\u00fablico<\/strong> y los proyectos que se podr\u00edan debatir en la Comisi\u00f3n de Transportes.<\/p>\n<p>&nbsp;<\/p>\n<div class=\"jetpack-video-wrapper\"><iframe loading=\"lazy\" title=\"Cecilia Moreau recibi\u00f3 Alexis Guerrera para analizar la Ley de Alcohol Cero\" width=\"800\" height=\"450\" src=\"https:\/\/www.youtube.com\/embed\/E6TKseg-CKQ?feature=oembed\" frameborder=\"0\" allow=\"accelerometer; autoplay; clipboard-write; encrypted-media; gyroscope; picture-in-picture\" allowfullscreen><\/iframe><\/div>\n<p>&nbsp;<\/p>\n<p>El encuentro se llev\u00f3 a cabo en el despacho de Presidencia de la HCDN y cont\u00f3 adem\u00e1s con la participaci\u00f3n de los secretarios Diego Giuliano (Transporte), Marcos Farina (Articulaci\u00f3n Interjurisdiccional) y Gast\u00f3n Jaques (Planificaci\u00f3n de Transporte); y los diputados Jorge Rizotti (presidente de la Comisi\u00f3n de Transporte), Jimena L\u00f3pez (vicepresidenta de la Comisi\u00f3n de Transporte) y Eugenia Alianiello.<\/p>\n","protected":false},"excerpt":{"rendered":"<p>Se reunieron en Diputados para dialogar sobre el tratamiento de la iniciativa. Tambi\u00e9n dialogaron sobre el Fondo Compensador al Transporte<\/p>\n","protected":false},"author":5,"featured_media":64269,"comment_status":"closed","ping_status":"closed","sticky":false,"template":"","format":"standard","meta":{"_jetpack_memberships_contains_paid_content":false,"footnotes":""},"categories":[6,1],"tags":[],"class_list":["post-64268","post","type-post","status-publish","format-standard","has-post-thumbnail","hentry","category-nacionales","category-portada"],"jetpack_featured_media_url":"https:\/\/i0.wp.com\/cdnoticias.com\/wp-content\/uploads\/2022\/09\/diputados00.jpg?fit=1504%2C902&ssl=1","jetpack_sharing_enabled":true,"_links":{"self":[{"href":"https:\/\/cdnoticias.com\/index.php\/wp-json\/wp\/v2\/posts\/64268","targetHints":{"allow":["GET"]}}],"collection":[{"href":"https:\/\/cdnoticias.com\/index.php\/wp-json\/wp\/v2\/posts"}],"about":[{"href":"https:\/\/cdnoticias.com\/index.php\/wp-json\/wp\/v2\/types\/post"}],"author":[{"embeddable":true,"href":"https:\/\/cdnoticias.com\/index.php\/wp-json\/wp\/v2\/users\/5"}],"replies":[{"embeddable":true,"href":"https:\/\/cdnoticias.com\/index.php\/wp-json\/wp\/v2\/comments?post=64268"}],"version-history":[{"count":0,"href":"https:\/\/cdnoticias.com\/index.php\/wp-json\/wp\/v2\/posts\/64268\/revisions"}],"wp:featuredmedia":[{"embeddable":true,"href":"https:\/\/cdnoticias.com\/index.php\/wp-json\/wp\/v2\/media\/64269"}],"wp:attachment":[{"href":"https:\/\/cdnoticias.com\/index.php\/wp-json\/wp\/v2\/media?parent=64268"}],"wp:term":[{"taxonomy":"category","embeddable":true,"href":"https:\/\/cdnoticias.com\/index.php\/wp-json\/wp\/v2\/categories?post=64268"},{"taxonomy":"post_tag","embeddable":true,"href":"https:\/\/cdnoticias.com\/index.php\/wp-json\/wp\/v2\/tags?post=64268"}],"curies":[{"name":"wp","href":"https:\/\/api.w.org\/{rel}","templated":true}]}}