{"id":64236,"date":"2022-09-07T20:29:32","date_gmt":"2022-09-07T23:29:32","guid":{"rendered":"https:\/\/www.centraldenoticias.com.ar\/?p=64236"},"modified":"2022-09-07T20:29:32","modified_gmt":"2022-09-07T23:29:32","slug":"conversatorio-sobre-ciudadania-digital-ciberbullying-y-grooming","status":"publish","type":"post","link":"https:\/\/cdnoticias.com\/index.php\/2022\/09\/07\/conversatorio-sobre-ciudadania-digital-ciberbullying-y-grooming\/","title":{"rendered":"Conversatorio sobre \u201cCiudadan\u00eda Digital\u201d: Ciberbullying y Grooming"},"content":{"rendered":"<p>Ser\u00e1 en el Teatro Municipal el martes 13 de septiembre. La entrada es libre y gratuita. <!--more--><\/p>\n<hr \/>\n<p>El pr\u00f3ximo <strong>martes 13 de septiembre<\/strong> se llevar\u00e1 a cabo en el<strong> Teatro Municipal<\/strong> un <strong>conversatorio sobre ciudadan\u00eda digital<\/strong>, haciendo especial hincapi\u00e9 sobre<strong> dos problem\u00e1ticas: Ciberbullying y Grooming,<\/strong> las cuales han<strong> aumentado considerablemente post pandemia.<\/strong><\/p>\n<p>&nbsp;<\/p>\n<p>La actividad se realizar\u00e1 <strong>a partir de las 9:30 con entrada libre y gratuita.<\/strong> La propuesta est\u00e1 destinada a escuelas p\u00fablicas y privadas de nivel secundario, instituciones educativas, padres interesados en la problem\u00e1tica y p\u00fablico general, quienes deber\u00e1n inscribirse previamente, pudi\u00e9ndolo hacer v\u00eda email a punto.digital@olavarria.gov.ar o por tel\u00e9fono al 422099, de lunes a viernes de 8:00 a 12:00.<\/p>\n<p>&nbsp;<\/p>\n<p>Participar\u00e1n del conversatorio el<strong> fiscal Lucas Moyano, a cargo de la UFI 22 especializada en Ciberdelitos<\/strong>, quien abordar\u00e1 la tem\u00e1tica de los<strong> delitos contra las infancias<\/strong>. Estar\u00e1 acompa\u00f1ado por <strong>Leonardo Galletti, especialista en ciberacoso<\/strong>, secretario de la ONG Mam\u00e1 en L\u00ednea y Coordinador de Desarrollo Territorial, Legislativo y Asuntos Municipales del Instituto de Pol\u00edticas P\u00fablicas de Prevenci\u00f3n de Grooming.<\/p>\n<p>&nbsp;<\/p>\n<p>Este evento es organizado por el<strong> Observatorio de Redes Sociales de la Facultad de Ciencias Sociales<\/strong> (UNICEN) y el <strong>Punto Digital<\/strong> de la ciudad de Olavarr\u00eda. Se recomienda que las familias acompa\u00f1en y se interioricen sobre estas problem\u00e1ticas que aumentan cada d\u00eda m\u00e1s y afectan a las ni\u00f1as, ni\u00f1os y adolescentes de nuestra ciudad.<\/p>\n","protected":false},"excerpt":{"rendered":"<p>Ser\u00e1 en el Teatro Municipal el martes 13 de septiembre. La entrada es libre y gratuita.<\/p>\n","protected":false},"author":6,"featured_media":50377,"comment_status":"closed","ping_status":"closed","sticky":false,"template":"","format":"standard","meta":{"_jetpack_memberships_contains_paid_content":false,"footnotes":""},"categories":[5,1],"tags":[],"class_list":["post-64236","post","type-post","status-publish","format-standard","has-post-thumbnail","hentry","category-informacion-general","category-portada"],"jetpack_featured_media_url":"https:\/\/i0.wp.com\/cdnoticias.com\/wp-content\/uploads\/2022\/03\/Teatro-Municipal-drone-01.jpg?fit=800%2C445&ssl=1","jetpack_sharing_enabled":true,"_links":{"self":[{"href":"https:\/\/cdnoticias.com\/index.php\/wp-json\/wp\/v2\/posts\/64236","targetHints":{"allow":["GET"]}}],"collection":[{"href":"https:\/\/cdnoticias.com\/index.php\/wp-json\/wp\/v2\/posts"}],"about":[{"href":"https:\/\/cdnoticias.com\/index.php\/wp-json\/wp\/v2\/types\/post"}],"author":[{"embeddable":true,"href":"https:\/\/cdnoticias.com\/index.php\/wp-json\/wp\/v2\/users\/6"}],"replies":[{"embeddable":true,"href":"https:\/\/cdnoticias.com\/index.php\/wp-json\/wp\/v2\/comments?post=64236"}],"version-history":[{"count":0,"href":"https:\/\/cdnoticias.com\/index.php\/wp-json\/wp\/v2\/posts\/64236\/revisions"}],"wp:featuredmedia":[{"embeddable":true,"href":"https:\/\/cdnoticias.com\/index.php\/wp-json\/wp\/v2\/media\/50377"}],"wp:attachment":[{"href":"https:\/\/cdnoticias.com\/index.php\/wp-json\/wp\/v2\/media?parent=64236"}],"wp:term":[{"taxonomy":"category","embeddable":true,"href":"https:\/\/cdnoticias.com\/index.php\/wp-json\/wp\/v2\/categories?post=64236"},{"taxonomy":"post_tag","embeddable":true,"href":"https:\/\/cdnoticias.com\/index.php\/wp-json\/wp\/v2\/tags?post=64236"}],"curies":[{"name":"wp","href":"https:\/\/api.w.org\/{rel}","templated":true}]}}