{"id":64224,"date":"2022-09-06T16:33:17","date_gmt":"2022-09-06T19:33:17","guid":{"rendered":"https:\/\/www.centraldenoticias.com.ar\/?p=64224"},"modified":"2022-09-06T18:07:36","modified_gmt":"2022-09-06T21:07:36","slug":"a-beneficio-de-ola-rosa-lanzaron-la-2-exposicion-de-automoviles-y-motos-clasica-antiguas","status":"publish","type":"post","link":"https:\/\/cdnoticias.com\/index.php\/2022\/09\/06\/a-beneficio-de-ola-rosa-lanzaron-la-2-exposicion-de-automoviles-y-motos-clasica-antiguas\/","title":{"rendered":"A beneficio de Ola Rosa, lanzaron la 2\u00b0 Exposici\u00f3n de Autom\u00f3viles y Motos Cl\u00e1sica Antiguas"},"content":{"rendered":"<p>Fue presentado en el mediod\u00eda de este martes por el Intendente Galli y funcionarios. Ser\u00e1 desde el 19 de octubre y podr\u00e1n participar vecinos que tengan autos y motos cl\u00e1sicas.<!--more--><\/p>\n<hr \/>\n<p>Este martes lanzaron, con la presencia del Intendente Galli, <strong>la 2\u00b0 Exposici\u00f3n de Autom\u00f3viles y Motos Cl\u00e1sica Antiguas, que se realizar\u00e1 desde el pr\u00f3ximo 19 de octubre en el Centro de Exposiciones de la Municipalidad de Olavarr\u00eda.<\/strong><\/p>\n<p>&nbsp;<\/p>\n<p>El evento, que se desarroll\u00f3 en el Museo Hermanos Emiliozzi, fue encabezado por el jefe comunal acompa\u00f1ado por el secretario de Desarrollo Humano y Calidad de Vida Diego Robbiani, la directora de Gesti\u00f3n Cultural Agustina Marino, la encargada del museo Susana Mart\u00ednez, y referentes de <strong>Ola Rosa<\/strong>, encabezadas por Margarita Pellegrini. <strong>Se trata de la agrupaci\u00f3n de mujeres sobrevivientes del c\u00e1ncer de mama, quienes desde hace ya algunos a\u00f1os lleva adelante una encomiable tarea de promover h\u00e1bitos saludables y campa\u00f1as de prevenci\u00f3n de esa enfermedad.<\/strong><\/p>\n<p>&nbsp;<\/p>\n<p><img data-recalc-dims=\"1\" loading=\"lazy\" decoding=\"async\" class=\"alignnone size-large wp-image-64226\" src=\"https:\/\/i0.wp.com\/cdnoticias.com\/wp-content\/uploads\/2022\/09\/autos-conferencia1.jpg?resize=800%2C534&#038;ssl=1\" alt=\"\" width=\"800\" height=\"534\" srcset=\"https:\/\/i0.wp.com\/cdnoticias.com\/wp-content\/uploads\/2022\/09\/autos-conferencia1.jpg?resize=1024%2C684&amp;ssl=1 1024w, https:\/\/i0.wp.com\/cdnoticias.com\/wp-content\/uploads\/2022\/09\/autos-conferencia1.jpg?resize=300%2C201&amp;ssl=1 300w, https:\/\/i0.wp.com\/cdnoticias.com\/wp-content\/uploads\/2022\/09\/autos-conferencia1.jpg?resize=768%2C513&amp;ssl=1 768w, https:\/\/i0.wp.com\/cdnoticias.com\/wp-content\/uploads\/2022\/09\/autos-conferencia1.jpg?resize=1536%2C1027&amp;ssl=1 1536w, https:\/\/i0.wp.com\/cdnoticias.com\/wp-content\/uploads\/2022\/09\/autos-conferencia1.jpg?resize=2048%2C1369&amp;ssl=1 2048w, https:\/\/i0.wp.com\/cdnoticias.com\/wp-content\/uploads\/2022\/09\/autos-conferencia1.jpg?resize=272%2C182&amp;ssl=1 272w, https:\/\/i0.wp.com\/cdnoticias.com\/wp-content\/uploads\/2022\/09\/autos-conferencia1.jpg?w=1600&amp;ssl=1 1600w, https:\/\/i0.wp.com\/cdnoticias.com\/wp-content\/uploads\/2022\/09\/autos-conferencia1.jpg?w=2400&amp;ssl=1 2400w\" sizes=\"auto, (max-width: 800px) 100vw, 800px\" \/><\/p>\n<p>&nbsp;<\/p>\n<p>Es que <strong>la propuesta ser\u00e1, precisamente, en beneficio de esa entidad.<\/strong> <em>\u201cEst\u00e1n realmente haciendo un trabajo enorme y remando literalmente. Reci\u00e9n nos comentaban que justo el 19, que es el d\u00eda de la inauguraci\u00f3n de la muestra, es el d\u00eda mundial de la concientizaci\u00f3n del c\u00e1ncer de mama. Parece que lo hicimos a prop\u00f3sito, pero la verdad que es una gran coincidencia\u201d<\/em>, se\u00f1al\u00f3 el jefe comunal.<\/p>\n<p>&nbsp;<\/p>\n<p><strong><em>\u201cVa a ser una muestra diferente\u201d,<\/em><\/strong> enfatiz\u00f3 el intendente municipal y expres\u00f3 que una de las novedades ser\u00e1 la incorporaci\u00f3n de las motos a la muestra. A la par, explic\u00f3 que <strong>para la exposici\u00f3n no s\u00f3lo se utilizar\u00e1 el interior del CEMO, el Centro de Exposiciones Municipal, sino tambi\u00e9n el exterior de ese predio.<\/strong> <em>\u201cVamos a hacer tambi\u00e9n afuera una muestra con autos y motos, es una gran noticia. Hay muchas motos y autos en Olavarr\u00eda, por lo que va a ser muy lindo que se puedan exponer y que la gente las pueda ir a ver. La cantidad de autos realmente es important\u00edsima, muchos el a\u00f1o pasado quedaron afuera porque ten\u00edamos el espacio acotado, por eso tambi\u00e9n decidimos ampliar la muestra y hacer una parte afuera\u201d<\/em>, agreg\u00f3.<\/p>\n<p>&nbsp;<\/p>\n<p><strong>El evento se enmarca adem\u00e1s en el 9\u00b0 aniversario del Museo Hermanos Emiliozzi.<\/strong><em> \u201cVamos a tener obviamente un sector de los Hermanos Emiliozzi, para que la gente pueda ver la Galera y cuestiones que tienen que ver con la historia de nuestra ciudad, los hermanos Emiliozzi fueron los grandes embajadores del deporte de olavarriense en el mundo, no solamente en Argentina\u201d<\/em>, enfatiz\u00f3.<\/p>\n<p>&nbsp;<\/p>\n<p><span style=\"text-decoration: underline;\"><strong>La exposici\u00f3n<\/strong><\/span><\/p>\n<p>&nbsp;<\/p>\n<p><img data-recalc-dims=\"1\" loading=\"lazy\" decoding=\"async\" class=\"alignnone size-large wp-image-64227\" src=\"https:\/\/i0.wp.com\/cdnoticias.com\/wp-content\/uploads\/2022\/09\/autos-conferencia2.jpg?resize=800%2C534&#038;ssl=1\" alt=\"\" width=\"800\" height=\"534\" srcset=\"https:\/\/i0.wp.com\/cdnoticias.com\/wp-content\/uploads\/2022\/09\/autos-conferencia2.jpg?resize=1024%2C684&amp;ssl=1 1024w, https:\/\/i0.wp.com\/cdnoticias.com\/wp-content\/uploads\/2022\/09\/autos-conferencia2.jpg?resize=300%2C201&amp;ssl=1 300w, https:\/\/i0.wp.com\/cdnoticias.com\/wp-content\/uploads\/2022\/09\/autos-conferencia2.jpg?resize=768%2C513&amp;ssl=1 768w, https:\/\/i0.wp.com\/cdnoticias.com\/wp-content\/uploads\/2022\/09\/autos-conferencia2.jpg?resize=1536%2C1027&amp;ssl=1 1536w, https:\/\/i0.wp.com\/cdnoticias.com\/wp-content\/uploads\/2022\/09\/autos-conferencia2.jpg?resize=2048%2C1369&amp;ssl=1 2048w, https:\/\/i0.wp.com\/cdnoticias.com\/wp-content\/uploads\/2022\/09\/autos-conferencia2.jpg?resize=272%2C182&amp;ssl=1 272w, https:\/\/i0.wp.com\/cdnoticias.com\/wp-content\/uploads\/2022\/09\/autos-conferencia2.jpg?w=1600&amp;ssl=1 1600w, https:\/\/i0.wp.com\/cdnoticias.com\/wp-content\/uploads\/2022\/09\/autos-conferencia2.jpg?w=2400&amp;ssl=1 2400w\" sizes=\"auto, (max-width: 800px) 100vw, 800px\" \/><\/p>\n<p>&nbsp;<\/p>\n<p>La muestra se inaugurar\u00e1 el pr\u00f3ximo mi\u00e9rcoles 19 de octubre a las 19 horas, y se extender\u00e1 hasta el domingo 23 de ese mes.<\/p>\n<p>&nbsp;<\/p>\n<blockquote><p>Aquellas personas interesadas en ser parte del evento tendr\u00e1n tiempo de inscribirse hasta el pr\u00f3ximo viernes 23 de septiembre. La v\u00eda para poder hacerlo ser\u00e1 mediante un correo electr\u00f3nico a museohnosemiliozzi@olavarria.gov.ar o al tel\u00e9fono 429093.<\/p><\/blockquote>\n<p>&nbsp;<\/p>\n<p>La convocatoria es abierta a<strong> todos los propietarios, propietarias y coleccionistas de Olavarr\u00eda.<\/strong> Se aceptar\u00e1n autos, camionetas y motos que respondan a la categor\u00eda de cl\u00e1sicos y antiguos.<\/p>\n<p>&nbsp;<\/p>\n<p>Se aclar\u00f3 que <strong>se conformar\u00e1 un Comit\u00e9 de Admisi\u00f3n que evaluar\u00e1 las piezas que se presenten, con el fin de que las mismas re\u00fanan los requisitos de la propuesta.<\/strong> En ese sentido, se explic\u00f3 que los rodados deber\u00e1n ser de la \u201cCategor\u00eda cl\u00e1sicos, antiguos y de colecci\u00f3n\u201d, deber\u00e1n estar en perfecto estado de chapa y pintura.<\/p>\n<p>&nbsp;<\/p>\n<p>Tal como se aludi\u00f3 previamente, <strong>el evento ser\u00e1 en total beneficio de Ola Rosa, instituci\u00f3n a la que se le entregar\u00e1 todo lo recaudado. Se pondr\u00e1 a la venta un abono que tendr\u00e1 un valor de 500 pesos<\/strong> y podr\u00e1 utilizarse desde el jueves 20 al domingo 23 de octubre. <strong>El valor diario de la entrada a la Exposici\u00f3n ser\u00e1 de 300 pesos.<\/strong><\/p>\n","protected":false},"excerpt":{"rendered":"<p>Fue presentado en el mediod\u00eda de este martes por el Intendente Galli y funcionarios. Ser\u00e1 desde el 19 de octubre<\/p>\n","protected":false},"author":2,"featured_media":64225,"comment_status":"closed","ping_status":"closed","sticky":false,"template":"","format":"standard","meta":{"_jetpack_memberships_contains_paid_content":false,"footnotes":""},"categories":[5,1],"tags":[],"class_list":["post-64224","post","type-post","status-publish","format-standard","has-post-thumbnail","hentry","category-informacion-general","category-portada"],"jetpack_featured_media_url":"https:\/\/i0.wp.com\/cdnoticias.com\/wp-content\/uploads\/2022\/09\/autos-conferencia.jpg?fit=2560%2C1711&ssl=1","jetpack_sharing_enabled":true,"_links":{"self":[{"href":"https:\/\/cdnoticias.com\/index.php\/wp-json\/wp\/v2\/posts\/64224","targetHints":{"allow":["GET"]}}],"collection":[{"href":"https:\/\/cdnoticias.com\/index.php\/wp-json\/wp\/v2\/posts"}],"about":[{"href":"https:\/\/cdnoticias.com\/index.php\/wp-json\/wp\/v2\/types\/post"}],"author":[{"embeddable":true,"href":"https:\/\/cdnoticias.com\/index.php\/wp-json\/wp\/v2\/users\/2"}],"replies":[{"embeddable":true,"href":"https:\/\/cdnoticias.com\/index.php\/wp-json\/wp\/v2\/comments?post=64224"}],"version-history":[{"count":0,"href":"https:\/\/cdnoticias.com\/index.php\/wp-json\/wp\/v2\/posts\/64224\/revisions"}],"wp:featuredmedia":[{"embeddable":true,"href":"https:\/\/cdnoticias.com\/index.php\/wp-json\/wp\/v2\/media\/64225"}],"wp:attachment":[{"href":"https:\/\/cdnoticias.com\/index.php\/wp-json\/wp\/v2\/media?parent=64224"}],"wp:term":[{"taxonomy":"category","embeddable":true,"href":"https:\/\/cdnoticias.com\/index.php\/wp-json\/wp\/v2\/categories?post=64224"},{"taxonomy":"post_tag","embeddable":true,"href":"https:\/\/cdnoticias.com\/index.php\/wp-json\/wp\/v2\/tags?post=64224"}],"curies":[{"name":"wp","href":"https:\/\/api.w.org\/{rel}","templated":true}]}}