{"id":64213,"date":"2022-09-06T17:11:01","date_gmt":"2022-09-06T20:11:01","guid":{"rendered":"https:\/\/www.centraldenoticias.com.ar\/?p=64213"},"modified":"2022-09-06T17:11:01","modified_gmt":"2022-09-06T20:11:01","slug":"el-intendente-recorrio-la-primera-empresa-local-que-inicio-la-construccion-en-los-fresnos","status":"publish","type":"post","link":"https:\/\/cdnoticias.com\/index.php\/2022\/09\/06\/el-intendente-recorrio-la-primera-empresa-local-que-inicio-la-construccion-en-los-fresnos\/","title":{"rendered":"El intendente recorri\u00f3 la primera empresa local que inici\u00f3 la construcci\u00f3n en Los Fresnos"},"content":{"rendered":"<p>Se trata de un emprendimiento en actividad desde 2013. Destac\u00f3 el crecimiento de los proyectos olavarrienses.<!--more--><\/p>\n<hr \/>\n<p>En la ma\u00f1ana de este martes, el intendente Ezequiel Galli visit\u00f3 el <strong>Sector Industrial Planificado \u201cLos Fresnos\u201d<\/strong>, para efectuar una recorrida por la<strong> Compa\u00f1\u00eda Parini S.R.L., en actividad desde el a\u00f1o 2013 con venta y mantenimiento de m\u00e1quinas y equipos de oficina.<\/strong><\/p>\n<p>&nbsp;<\/p>\n<p>Acompa\u00f1aron al intendente el Secretario de Desarrollo Econ\u00f3mico Julio Valetutto, la directora de Empresas y Agrupamientos Industriales Edith Schoos y dem\u00e1s integrantes del \u00e1rea. En Parini fueron recibidos por uno de sus propietarios.<\/p>\n<p>&nbsp;<\/p>\n<p>Seg\u00fan se indic\u00f3 la firma adquiri\u00f3 dos lotes en este agrupamiento industrial, y<strong> se encuentra en plena construcci\u00f3n de la primera nave<\/strong>; resultado de una reestimaci\u00f3n de ventas realizada por dicha compa\u00f1\u00eda, la cual determin\u00f3 una mayor venta y demanda de sus productos, y, consecuentemente, <strong>deriv\u00f3 en el dise\u00f1o de una nueva unidad de negocios, que consiste en la construcci\u00f3n de m\u00f3dulos habitacionales e industriales, para uso como vivienda urbana y rural.<\/strong><\/p>\n<p>&nbsp;<\/p>\n<p>\u201cEl crecimiento permanente y progresivo de las diferentes firmas radicadas se enmarca dentro de las pol\u00edticas de la gesti\u00f3n local en relaci\u00f3n al desarrollo econ\u00f3mico, respaldo, apoyo y promoci\u00f3n del sistema productivo local\u201d, se\u00f1alaron.<\/p>\n<p>&nbsp;<\/p>\n<blockquote class=\"twitter-tweet\" data-width=\"550\" data-dnt=\"true\">\n<p lang=\"es\" dir=\"ltr\">La primera empresa local que inici\u00f3 la construcci\u00f3n en <a href=\"https:\/\/twitter.com\/hashtag\/SIPLosFresnos?src=hash&amp;ref_src=twsrc%5Etfw\">#SIPLosFresnos<\/a><br \/>Emprendedores olavarrienses que invierten en Olavarr\u00eda, que crecen con sus proyectos y que piensan en el futuro del desarrollo productivo en el Partido y la regi\u00f3n. <a href=\"https:\/\/t.co\/bJRyj0eHzZ\">pic.twitter.com\/bJRyj0eHzZ<\/a><\/p>\n<p>&mdash; Ezequiel Galli (@ezequielgalli) <a href=\"https:\/\/twitter.com\/ezequielgalli\/status\/1567143285138792450?ref_src=twsrc%5Etfw\">September 6, 2022<\/a><\/p><\/blockquote>\n<p><script async src=\"https:\/\/platform.twitter.com\/widgets.js\" charset=\"utf-8\"><\/script><\/p>\n","protected":false},"excerpt":{"rendered":"<p>Se trata de un emprendimiento en actividad desde 2013. Destac\u00f3 el crecimiento de los proyectos olavarrienses.<\/p>\n","protected":false},"author":5,"featured_media":64215,"comment_status":"closed","ping_status":"closed","sticky":false,"template":"","format":"standard","meta":{"_jetpack_memberships_contains_paid_content":false,"footnotes":""},"categories":[5,1],"tags":[],"class_list":["post-64213","post","type-post","status-publish","format-standard","has-post-thumbnail","hentry","category-informacion-general","category-portada"],"jetpack_featured_media_url":"https:\/\/i0.wp.com\/cdnoticias.com\/wp-content\/uploads\/2022\/09\/DE-Visita-Parini-Los-Fresnos-2-scaled-1.jpg?fit=2560%2C1536&ssl=1","jetpack_sharing_enabled":true,"_links":{"self":[{"href":"https:\/\/cdnoticias.com\/index.php\/wp-json\/wp\/v2\/posts\/64213","targetHints":{"allow":["GET"]}}],"collection":[{"href":"https:\/\/cdnoticias.com\/index.php\/wp-json\/wp\/v2\/posts"}],"about":[{"href":"https:\/\/cdnoticias.com\/index.php\/wp-json\/wp\/v2\/types\/post"}],"author":[{"embeddable":true,"href":"https:\/\/cdnoticias.com\/index.php\/wp-json\/wp\/v2\/users\/5"}],"replies":[{"embeddable":true,"href":"https:\/\/cdnoticias.com\/index.php\/wp-json\/wp\/v2\/comments?post=64213"}],"version-history":[{"count":0,"href":"https:\/\/cdnoticias.com\/index.php\/wp-json\/wp\/v2\/posts\/64213\/revisions"}],"wp:featuredmedia":[{"embeddable":true,"href":"https:\/\/cdnoticias.com\/index.php\/wp-json\/wp\/v2\/media\/64215"}],"wp:attachment":[{"href":"https:\/\/cdnoticias.com\/index.php\/wp-json\/wp\/v2\/media?parent=64213"}],"wp:term":[{"taxonomy":"category","embeddable":true,"href":"https:\/\/cdnoticias.com\/index.php\/wp-json\/wp\/v2\/categories?post=64213"},{"taxonomy":"post_tag","embeddable":true,"href":"https:\/\/cdnoticias.com\/index.php\/wp-json\/wp\/v2\/tags?post=64213"}],"curies":[{"name":"wp","href":"https:\/\/api.w.org\/{rel}","templated":true}]}}