{"id":64200,"date":"2022-09-06T12:26:20","date_gmt":"2022-09-06T15:26:20","guid":{"rendered":"https:\/\/www.centraldenoticias.com.ar\/?p=64200"},"modified":"2022-09-06T16:33:25","modified_gmt":"2022-09-06T19:33:25","slug":"incendio-en-la-bajada-a-munoz-preocupacion-de-los-productores-de-la-zona","status":"publish","type":"post","link":"https:\/\/cdnoticias.com\/index.php\/2022\/09\/06\/incendio-en-la-bajada-a-munoz-preocupacion-de-los-productores-de-la-zona\/","title":{"rendered":"Incendio en la bajada a Mu\u00f1oz: preocupaci\u00f3n de los productores de la zona"},"content":{"rendered":"<p>El fuego comenz\u00f3 en un tambo a unos dos kil\u00f3metros de la ruta 51 y se extendi\u00f3 hasta llegar a la ruta provincial. Intervienen bomberos de Laprida. Piden precauci\u00f3n en el tr\u00e1nsito.<!--more--><\/p>\n<hr \/>\n<p><strong>Un incendio se declar\u00f3 en la zona del camino a Mu\u00f1oz de la ruta 51,<\/strong> es en el <strong>l\u00edmite entre Laprida y Olavarr\u00eda<\/strong> y afecta a un amplio sector.<\/p>\n<p>&nbsp;<\/p>\n<blockquote><p>Productores rurales de la zona se comunicaron con <strong>Central de Noticias<\/strong> para manifestar su preocupaci\u00f3n por el panorama, adem\u00e1s de exponer el pedido de precauci\u00f3n a quienes transitan por ese tramo de la ruta 51 ya que el humo complica la visibilidad.<\/p><\/blockquote>\n<p>&nbsp;<\/p>\n<p><img data-recalc-dims=\"1\" loading=\"lazy\" decoding=\"async\" class=\"size-full wp-image-64201 aligncenter\" src=\"https:\/\/i0.wp.com\/cdnoticias.com\/wp-content\/uploads\/2022\/09\/incendio-rural-munoz-00.jpg?resize=800%2C445&#038;ssl=1\" alt=\"\" width=\"800\" height=\"445\" srcset=\"https:\/\/i0.wp.com\/cdnoticias.com\/wp-content\/uploads\/2022\/09\/incendio-rural-munoz-00.jpg?w=800&amp;ssl=1 800w, https:\/\/i0.wp.com\/cdnoticias.com\/wp-content\/uploads\/2022\/09\/incendio-rural-munoz-00.jpg?resize=300%2C167&amp;ssl=1 300w, https:\/\/i0.wp.com\/cdnoticias.com\/wp-content\/uploads\/2022\/09\/incendio-rural-munoz-00.jpg?resize=768%2C427&amp;ssl=1 768w\" sizes=\"auto, (max-width: 800px) 100vw, 800px\" \/><\/p>\n<p>&nbsp;<\/p>\n<p>&nbsp;<\/p>\n<p><strong>Cerca del mediod\u00eda arribaron bomberos voluntarios de Laprida<\/strong> para trabajar en los campos afectados. En tanto,<strong> en el Cuartel Central de Olavarr\u00eda se inform\u00f3 que permanecen en alerta para brindar apoyo<\/strong> en caso de que lo soliciten desde Laprida.<\/p>\n<p>&nbsp;<\/p>\n<p>Asimismo, <strong>efectivos policiales del Destacamento de San Jorge<\/strong> se desplegaban por la ruta para <strong>advertir a los veh\u00edculos que transitaban.<\/strong><\/p>\n<p>&nbsp;<\/p>\n<p><img data-recalc-dims=\"1\" loading=\"lazy\" decoding=\"async\" class=\"size-full wp-image-64202 aligncenter\" src=\"https:\/\/i0.wp.com\/cdnoticias.com\/wp-content\/uploads\/2022\/09\/incendio-rural-munoz-01.jpg?resize=800%2C445&#038;ssl=1\" alt=\"\" width=\"800\" height=\"445\" srcset=\"https:\/\/i0.wp.com\/cdnoticias.com\/wp-content\/uploads\/2022\/09\/incendio-rural-munoz-01.jpg?w=800&amp;ssl=1 800w, https:\/\/i0.wp.com\/cdnoticias.com\/wp-content\/uploads\/2022\/09\/incendio-rural-munoz-01.jpg?resize=300%2C167&amp;ssl=1 300w, https:\/\/i0.wp.com\/cdnoticias.com\/wp-content\/uploads\/2022\/09\/incendio-rural-munoz-01.jpg?resize=768%2C427&amp;ssl=1 768w\" sizes=\"auto, (max-width: 800px) 100vw, 800px\" \/><\/p>\n<p>&nbsp;<\/p>\n<p><strong>El fuego se inici\u00f3 en un tambo, propiedad del productor Blando, a unos dos kil\u00f3metros de la ruta provincial.<\/strong> Por el efecto del viento se ha extendido por ese camino hasta cerca del cruce con ruta 51, y afect\u00f3 a al menos un segundo establecimiento rural del sector. Hay vari<\/p>\n<p>&nbsp;<\/p>\n<p><strong>Los productores de la zona se mantienen en alerta<\/strong> ante la posibilidad de que sus campos se vean tambi\u00e9n afectados por el fuego.<\/p>\n<p>&nbsp;<\/p>\n<p><img data-recalc-dims=\"1\" loading=\"lazy\" decoding=\"async\" class=\"size-full wp-image-64206 aligncenter\" src=\"https:\/\/i0.wp.com\/cdnoticias.com\/wp-content\/uploads\/2022\/09\/incendio-rural-munoz-05.jpg?resize=800%2C445&#038;ssl=1\" alt=\"\" width=\"800\" height=\"445\" srcset=\"https:\/\/i0.wp.com\/cdnoticias.com\/wp-content\/uploads\/2022\/09\/incendio-rural-munoz-05.jpg?w=800&amp;ssl=1 800w, https:\/\/i0.wp.com\/cdnoticias.com\/wp-content\/uploads\/2022\/09\/incendio-rural-munoz-05.jpg?resize=300%2C167&amp;ssl=1 300w, https:\/\/i0.wp.com\/cdnoticias.com\/wp-content\/uploads\/2022\/09\/incendio-rural-munoz-05.jpg?resize=768%2C427&amp;ssl=1 768w\" sizes=\"auto, (max-width: 800px) 100vw, 800px\" \/><\/p>\n<p><img data-recalc-dims=\"1\" loading=\"lazy\" decoding=\"async\" class=\"size-full wp-image-64205 aligncenter\" src=\"https:\/\/i0.wp.com\/cdnoticias.com\/wp-content\/uploads\/2022\/09\/incendio-rural-munoz-04.jpg?resize=800%2C445&#038;ssl=1\" alt=\"\" width=\"800\" height=\"445\" srcset=\"https:\/\/i0.wp.com\/cdnoticias.com\/wp-content\/uploads\/2022\/09\/incendio-rural-munoz-04.jpg?w=800&amp;ssl=1 800w, https:\/\/i0.wp.com\/cdnoticias.com\/wp-content\/uploads\/2022\/09\/incendio-rural-munoz-04.jpg?resize=300%2C167&amp;ssl=1 300w, https:\/\/i0.wp.com\/cdnoticias.com\/wp-content\/uploads\/2022\/09\/incendio-rural-munoz-04.jpg?resize=768%2C427&amp;ssl=1 768w\" sizes=\"auto, (max-width: 800px) 100vw, 800px\" \/><\/p>\n<p>&nbsp;<\/p>\n","protected":false},"excerpt":{"rendered":"<p>El fuego comenz\u00f3 en un tambo a unos dos kil\u00f3metros de la ruta 51 y se extendi\u00f3 hasta llegar a<\/p>\n","protected":false},"author":4,"featured_media":64203,"comment_status":"closed","ping_status":"closed","sticky":false,"template":"","format":"standard","meta":{"_jetpack_memberships_contains_paid_content":false,"footnotes":""},"categories":[5,1],"tags":[],"class_list":["post-64200","post","type-post","status-publish","format-standard","has-post-thumbnail","hentry","category-informacion-general","category-portada"],"jetpack_featured_media_url":"https:\/\/i0.wp.com\/cdnoticias.com\/wp-content\/uploads\/2022\/09\/incendio-rural-munoz-02.jpg?fit=854%2C476&ssl=1","jetpack_sharing_enabled":true,"_links":{"self":[{"href":"https:\/\/cdnoticias.com\/index.php\/wp-json\/wp\/v2\/posts\/64200","targetHints":{"allow":["GET"]}}],"collection":[{"href":"https:\/\/cdnoticias.com\/index.php\/wp-json\/wp\/v2\/posts"}],"about":[{"href":"https:\/\/cdnoticias.com\/index.php\/wp-json\/wp\/v2\/types\/post"}],"author":[{"embeddable":true,"href":"https:\/\/cdnoticias.com\/index.php\/wp-json\/wp\/v2\/users\/4"}],"replies":[{"embeddable":true,"href":"https:\/\/cdnoticias.com\/index.php\/wp-json\/wp\/v2\/comments?post=64200"}],"version-history":[{"count":0,"href":"https:\/\/cdnoticias.com\/index.php\/wp-json\/wp\/v2\/posts\/64200\/revisions"}],"wp:featuredmedia":[{"embeddable":true,"href":"https:\/\/cdnoticias.com\/index.php\/wp-json\/wp\/v2\/media\/64203"}],"wp:attachment":[{"href":"https:\/\/cdnoticias.com\/index.php\/wp-json\/wp\/v2\/media?parent=64200"}],"wp:term":[{"taxonomy":"category","embeddable":true,"href":"https:\/\/cdnoticias.com\/index.php\/wp-json\/wp\/v2\/categories?post=64200"},{"taxonomy":"post_tag","embeddable":true,"href":"https:\/\/cdnoticias.com\/index.php\/wp-json\/wp\/v2\/tags?post=64200"}],"curies":[{"name":"wp","href":"https:\/\/api.w.org\/{rel}","templated":true}]}}