{"id":64194,"date":"2022-09-09T13:17:17","date_gmt":"2022-09-09T16:17:17","guid":{"rendered":"https:\/\/www.centraldenoticias.com.ar\/?p=64194"},"modified":"2022-09-09T13:17:17","modified_gmt":"2022-09-09T16:17:17","slug":"el-centro-de-estudios-de-coopelectric-participo-de-un-encuentro-de-educacion-a-distancia","status":"publish","type":"post","link":"https:\/\/cdnoticias.com\/index.php\/2022\/09\/09\/el-centro-de-estudios-de-coopelectric-participo-de-un-encuentro-de-educacion-a-distancia\/","title":{"rendered":"El Centro de Estudios de Coopelectric particip\u00f3 de un encuentro de educaci\u00f3n a distancia"},"content":{"rendered":"<p>Fue impulsado por la Universidad Fasta y se desarroll\u00f3 en Mar del Plata. Por el CEU estuvieron presentes Guadalupe Santana y Natalia Barzola.<!--more--><\/p>\n<hr \/>\n<p>El Centro de Estudios Universitarios (CEU) de Coopelectric particip\u00f3 del <strong>VI Encuentro Nacional de Educaci\u00f3n a Distancia de la Universidad Fasta<\/strong> que tuvo lugar en la ciudad de Mar del Plata.<\/p>\n<p>&nbsp;<\/p>\n<p>Por el CEU de Coopelectric estuvieron presentes su coordinadora <strong>Guadalupe Santana y Natalia Barzola<\/strong>, quienes participaron de diferentes actividades de formaci\u00f3n.<\/p>\n<p>&nbsp;<\/p>\n<p>\u201cLa propuesta del Congreso estuvo centrada en reforzar cuatro pilares de la Universidad Fasta: la contactaci\u00f3n, la permanencia, la gesti\u00f3n y la vinculaci\u00f3n\u201d expres\u00f3 Guadalupe Santana y agreg\u00f3 \u201ccada uno de estos aspectos influyen en el trabajo que realizamos desde las unidades de apoyo y su profundizaci\u00f3n<strong> apunta a mejorar la trayectoria educativa de nuestros estudiantes<\/strong>\u201d<\/p>\n<p>&nbsp;<\/p>\n<p><strong>Mat\u00edas Castro Videla, secretario de Educaci\u00f3n a Distancia de la Universidad<\/strong> afirm\u00f3 \u201ceste congreso reuni\u00f3 a los equipos de gesti\u00f3n de las 100 unidades de apoyo acad\u00e9mico que tiene la Ufasta a lo largo y ancho de Argentina\u201d.\u00a0 Esta modalidad cuenta con 13.600 alumnos.<\/p>\n<p>&nbsp;<\/p>\n<p>Al ser consultado sobre por qu\u00e9 cada vez m\u00e1s estudiantes eligen estudiar a distancia, Castro Videla se\u00f1al\u00f3 que <strong>\u201cesta modalidad tiene la ventaja de poder articular la vida laboral, familiar y personal con el estudio. Muchas personas eligen estudiar a distancia en la Ufasta porque han encontrado una propuesta que se adecua a sus necesidades y adem\u00e1s el reconocimiento de sus t\u00edtulos\u201d.<\/strong><\/p>\n<p>&nbsp;<\/p>\n<p>Sobre la pandemia, se se\u00f1al\u00f3 el trabajo realizado y la forma en que se potenci\u00f3 la modalidad educativa a distancia, destacando que se trata de \u201cun m\u00e9todo educativo que a lo largo de 20 a\u00f1os se ha ido perfeccionando e innovando con la incorporaci\u00f3n de nuevas herramientas\u201d.<\/p>\n<p>&nbsp;<\/p>\n","protected":false},"excerpt":{"rendered":"<p>Fue impulsado por la Universidad Fasta y se desarroll\u00f3 en Mar del Plata. Por el CEU estuvieron presentes Guadalupe Santana<\/p>\n","protected":false},"author":5,"featured_media":64196,"comment_status":"closed","ping_status":"closed","sticky":false,"template":"","format":"standard","meta":{"_jetpack_memberships_contains_paid_content":false,"footnotes":""},"categories":[5],"tags":[],"class_list":["post-64194","post","type-post","status-publish","format-standard","has-post-thumbnail","hentry","category-informacion-general"],"jetpack_featured_media_url":"https:\/\/i0.wp.com\/cdnoticias.com\/wp-content\/uploads\/2022\/09\/Encuentro-Nacional-de-Educacion-a-Distancia-Univ-FASTA.jpg?fit=992%2C595&ssl=1","jetpack_sharing_enabled":true,"_links":{"self":[{"href":"https:\/\/cdnoticias.com\/index.php\/wp-json\/wp\/v2\/posts\/64194","targetHints":{"allow":["GET"]}}],"collection":[{"href":"https:\/\/cdnoticias.com\/index.php\/wp-json\/wp\/v2\/posts"}],"about":[{"href":"https:\/\/cdnoticias.com\/index.php\/wp-json\/wp\/v2\/types\/post"}],"author":[{"embeddable":true,"href":"https:\/\/cdnoticias.com\/index.php\/wp-json\/wp\/v2\/users\/5"}],"replies":[{"embeddable":true,"href":"https:\/\/cdnoticias.com\/index.php\/wp-json\/wp\/v2\/comments?post=64194"}],"version-history":[{"count":0,"href":"https:\/\/cdnoticias.com\/index.php\/wp-json\/wp\/v2\/posts\/64194\/revisions"}],"wp:featuredmedia":[{"embeddable":true,"href":"https:\/\/cdnoticias.com\/index.php\/wp-json\/wp\/v2\/media\/64196"}],"wp:attachment":[{"href":"https:\/\/cdnoticias.com\/index.php\/wp-json\/wp\/v2\/media?parent=64194"}],"wp:term":[{"taxonomy":"category","embeddable":true,"href":"https:\/\/cdnoticias.com\/index.php\/wp-json\/wp\/v2\/categories?post=64194"},{"taxonomy":"post_tag","embeddable":true,"href":"https:\/\/cdnoticias.com\/index.php\/wp-json\/wp\/v2\/tags?post=64194"}],"curies":[{"name":"wp","href":"https:\/\/api.w.org\/{rel}","templated":true}]}}