{"id":64182,"date":"2022-09-06T10:50:44","date_gmt":"2022-09-06T13:50:44","guid":{"rendered":"https:\/\/www.centraldenoticias.com.ar\/?p=64182"},"modified":"2022-09-06T12:26:51","modified_gmt":"2022-09-06T15:26:51","slug":"los-robles-abrazo-a-la-plaza-y-siguio-la-junta-de-firmas","status":"publish","type":"post","link":"https:\/\/cdnoticias.com\/index.php\/2022\/09\/06\/los-robles-abrazo-a-la-plaza-y-siguio-la-junta-de-firmas\/","title":{"rendered":"Los Robles: abrazo a la plaza y sigui\u00f3 la junta de firmas"},"content":{"rendered":"<p>El domingo se festej\u00f3 el D\u00eda de la Ni\u00f1ez en el barrio y la Junta Vecinal aprovech\u00f3 la jornada para sumar apoyo para su reclamo en \u201cdefensa de la plaza\u201d.<!--more--><\/p>\n<hr \/>\n<p><strong>Una multitud particip\u00f3 el domingo en la plaza del barrio Los Robles del festejo del D\u00eda de la Ni\u00f1ez que organiz\u00f3 la Junta Vecinal<\/strong> donde adem\u00e1s aprovecharon para avanzar en sus <a href=\"https:\/\/cdnoticias.com\/index.php\/2022\/08\/27\/barrio-los-robles-hay-mucha-vida-en-esta-plaza-como-para-que-nos-saquen-el-espacio\/\" target=\"_blank\" rel=\"noopener\">actividades de reclamo en \u201cdefensa de la plaza\u201d<\/a>.<\/p>\n<p>&nbsp;<\/p>\n<p><strong>Central de Noticias<\/strong> habl\u00f3 con la <strong>presidenta de la Junta, Mariela Gonz\u00e1lez<\/strong>, destac\u00f3 que<strong> hubo \u201cmucha gente\u201d para el encuentro<\/strong> y la gran cantidad de propuestas que se presentaron para el festejo con los ni\u00f1as y ni\u00f1as, as\u00ed como el buen clima que acompa\u00f1\u00f3 la jornada.<\/p>\n<p>&nbsp;<\/p>\n<p>En ese marco, la Junta Vecinal del barrio Los Robles y los vecinos autoconvocados mantuvieron la<strong> junta de firmas para oponerse al proyecto del Municipio de construcci\u00f3n de un edificio escolar<\/strong> en un sector de esa plaza.<\/p>\n<p>&nbsp;<\/p>\n<p><img data-recalc-dims=\"1\" loading=\"lazy\" decoding=\"async\" class=\"size-full wp-image-64184 aligncenter\" src=\"https:\/\/i0.wp.com\/cdnoticias.com\/wp-content\/uploads\/2022\/09\/los-robles-dia-de-la-ninez-abrazo-2.jpg?resize=800%2C445&#038;ssl=1\" alt=\"\" width=\"800\" height=\"445\" srcset=\"https:\/\/i0.wp.com\/cdnoticias.com\/wp-content\/uploads\/2022\/09\/los-robles-dia-de-la-ninez-abrazo-2.jpg?w=800&amp;ssl=1 800w, https:\/\/i0.wp.com\/cdnoticias.com\/wp-content\/uploads\/2022\/09\/los-robles-dia-de-la-ninez-abrazo-2.jpg?resize=300%2C167&amp;ssl=1 300w, https:\/\/i0.wp.com\/cdnoticias.com\/wp-content\/uploads\/2022\/09\/los-robles-dia-de-la-ninez-abrazo-2.jpg?resize=768%2C427&amp;ssl=1 768w\" sizes=\"auto, (max-width: 800px) 100vw, 800px\" \/><\/p>\n<p>&nbsp;<\/p>\n<p>Adem\u00e1s, <strong>hicieron un abrazo a la plaza donde rodearon parte del predio con decenas de los presentes<\/strong>. De esta actividad se hizo un video de difusi\u00f3n a cargo de los vecinos autoconvocados.<\/p>\n<p>&nbsp;<\/p>\n<blockquote><p>\u201cTodav\u00eda estamos juntando firmas, hasta el mi\u00e9rcoles que nos vamos a reunir con los autoconvocados porque hay muchos lugares donde hay planillas. Con el tema de las firmas vamos muy bien\u201d celebr\u00f3 Mariela Gonz\u00e1lez.<\/p><\/blockquote>\n<p>&nbsp;<\/p>\n<p><img data-recalc-dims=\"1\" loading=\"lazy\" decoding=\"async\" class=\"size-full wp-image-64186 aligncenter\" src=\"https:\/\/i0.wp.com\/cdnoticias.com\/wp-content\/uploads\/2022\/09\/los-robles-dia-de-la-ninez-abrazo-4.jpg?resize=800%2C445&#038;ssl=1\" alt=\"\" width=\"800\" height=\"445\" srcset=\"https:\/\/i0.wp.com\/cdnoticias.com\/wp-content\/uploads\/2022\/09\/los-robles-dia-de-la-ninez-abrazo-4.jpg?w=800&amp;ssl=1 800w, https:\/\/i0.wp.com\/cdnoticias.com\/wp-content\/uploads\/2022\/09\/los-robles-dia-de-la-ninez-abrazo-4.jpg?resize=300%2C167&amp;ssl=1 300w, https:\/\/i0.wp.com\/cdnoticias.com\/wp-content\/uploads\/2022\/09\/los-robles-dia-de-la-ninez-abrazo-4.jpg?resize=768%2C427&amp;ssl=1 768w\" sizes=\"auto, (max-width: 800px) 100vw, 800px\" \/><\/p>\n<p>&nbsp;<\/p>\n<p>Inform\u00f3 que <strong>el domingo se acercaron numerosos vecinos del sector que \u201cven\u00edan especialmente para eso a la plaza\u201d<\/strong>. A su vez, se presentaron los integrantes de Remada Verde quienes ya hab\u00edan estado la semana pasada en las actividades de visibilizaci\u00f3n del reclamo.<\/p>\n<p>&nbsp;<\/p>\n<p>En cuanto a la reuni\u00f3n del mi\u00e9rcoles, indic\u00f3 que junto a los vecinos autoconvocados<strong> se definir\u00e1 c\u00f3mo seguir con el reclamo.<\/strong><\/p>\n<p>&nbsp;<\/p>\n<p><img data-recalc-dims=\"1\" loading=\"lazy\" decoding=\"async\" class=\"size-full wp-image-64183 aligncenter\" src=\"https:\/\/i0.wp.com\/cdnoticias.com\/wp-content\/uploads\/2022\/09\/los-robles-dia-de-la-ninez-abrazo-1.jpg?resize=800%2C445&#038;ssl=1\" alt=\"\" width=\"800\" height=\"445\" srcset=\"https:\/\/i0.wp.com\/cdnoticias.com\/wp-content\/uploads\/2022\/09\/los-robles-dia-de-la-ninez-abrazo-1.jpg?w=800&amp;ssl=1 800w, https:\/\/i0.wp.com\/cdnoticias.com\/wp-content\/uploads\/2022\/09\/los-robles-dia-de-la-ninez-abrazo-1.jpg?resize=300%2C167&amp;ssl=1 300w, https:\/\/i0.wp.com\/cdnoticias.com\/wp-content\/uploads\/2022\/09\/los-robles-dia-de-la-ninez-abrazo-1.jpg?resize=768%2C427&amp;ssl=1 768w\" sizes=\"auto, (max-width: 800px) 100vw, 800px\" \/><\/p>\n<p>&nbsp;<\/p>\n<p>&nbsp;<\/p>\n<blockquote><p>Acerca del desarrollo de la celebraci\u00f3n del D\u00eda de la Ni\u00f1ez en la plaza, la presidenta de la Junta Vecinal defini\u00f3 que \u201cesta fiesta es tradicional y sostenida para la Junta Vecinal, hace 10 a\u00f1os que se viene haciendo, ya es tradicional de la plaza\u201d.<\/p><\/blockquote>\n<p>&nbsp;<\/p>\n<p>Cont\u00f3 que se sumaron <strong>la filial Olavarr\u00eda de Fiat 600, los Bomberos Voluntarios, la murga Comodines de Febrero, Bah\u00eda Ba, un DJ y la Subsecretar\u00eda de Deportes de la Municipalidad<\/strong> llev\u00f3 a los profesores de educaci\u00f3n f\u00edsica que organizaron juegos y actividades para los chicos. Adem\u00e1s hubo payasos e inflables. Se repartieron chocolate, jugo y facturas para los presentes.<\/p>\n<p>&nbsp;<\/p>\n<p><img data-recalc-dims=\"1\" loading=\"lazy\" decoding=\"async\" class=\"size-full wp-image-64187 aligncenter\" src=\"https:\/\/i0.wp.com\/cdnoticias.com\/wp-content\/uploads\/2022\/09\/los-robles-dia-de-la-ninez-abrazo-5.jpg?resize=450%2C725&#038;ssl=1\" alt=\"\" width=\"450\" height=\"725\" srcset=\"https:\/\/i0.wp.com\/cdnoticias.com\/wp-content\/uploads\/2022\/09\/los-robles-dia-de-la-ninez-abrazo-5.jpg?w=450&amp;ssl=1 450w, https:\/\/i0.wp.com\/cdnoticias.com\/wp-content\/uploads\/2022\/09\/los-robles-dia-de-la-ninez-abrazo-5.jpg?resize=186%2C300&amp;ssl=1 186w\" sizes=\"auto, (max-width: 450px) 100vw, 450px\" \/><\/p>\n<p><img data-recalc-dims=\"1\" loading=\"lazy\" decoding=\"async\" class=\"size-full wp-image-64185 aligncenter\" src=\"https:\/\/i0.wp.com\/cdnoticias.com\/wp-content\/uploads\/2022\/09\/los-robles-dia-de-la-ninez-abrazo-3.jpg?resize=800%2C445&#038;ssl=1\" alt=\"\" width=\"800\" height=\"445\" srcset=\"https:\/\/i0.wp.com\/cdnoticias.com\/wp-content\/uploads\/2022\/09\/los-robles-dia-de-la-ninez-abrazo-3.jpg?w=800&amp;ssl=1 800w, https:\/\/i0.wp.com\/cdnoticias.com\/wp-content\/uploads\/2022\/09\/los-robles-dia-de-la-ninez-abrazo-3.jpg?resize=300%2C167&amp;ssl=1 300w, https:\/\/i0.wp.com\/cdnoticias.com\/wp-content\/uploads\/2022\/09\/los-robles-dia-de-la-ninez-abrazo-3.jpg?resize=768%2C427&amp;ssl=1 768w\" sizes=\"auto, (max-width: 800px) 100vw, 800px\" \/><\/p>\n<p>&nbsp;<\/p>\n","protected":false},"excerpt":{"rendered":"<p>El domingo se festej\u00f3 el D\u00eda de la Ni\u00f1ez en el barrio y la Junta Vecinal aprovech\u00f3 la jornada para<\/p>\n","protected":false},"author":4,"featured_media":64188,"comment_status":"closed","ping_status":"closed","sticky":false,"template":"","format":"standard","meta":{"_jetpack_memberships_contains_paid_content":false,"footnotes":""},"categories":[5,1],"tags":[],"class_list":["post-64182","post","type-post","status-publish","format-standard","has-post-thumbnail","hentry","category-informacion-general","category-portada"],"jetpack_featured_media_url":"https:\/\/i0.wp.com\/cdnoticias.com\/wp-content\/uploads\/2022\/09\/los-robles-dia-de-la-ninez-abrazo-6.jpg?fit=800%2C445&ssl=1","jetpack_sharing_enabled":true,"_links":{"self":[{"href":"https:\/\/cdnoticias.com\/index.php\/wp-json\/wp\/v2\/posts\/64182","targetHints":{"allow":["GET"]}}],"collection":[{"href":"https:\/\/cdnoticias.com\/index.php\/wp-json\/wp\/v2\/posts"}],"about":[{"href":"https:\/\/cdnoticias.com\/index.php\/wp-json\/wp\/v2\/types\/post"}],"author":[{"embeddable":true,"href":"https:\/\/cdnoticias.com\/index.php\/wp-json\/wp\/v2\/users\/4"}],"replies":[{"embeddable":true,"href":"https:\/\/cdnoticias.com\/index.php\/wp-json\/wp\/v2\/comments?post=64182"}],"version-history":[{"count":0,"href":"https:\/\/cdnoticias.com\/index.php\/wp-json\/wp\/v2\/posts\/64182\/revisions"}],"wp:featuredmedia":[{"embeddable":true,"href":"https:\/\/cdnoticias.com\/index.php\/wp-json\/wp\/v2\/media\/64188"}],"wp:attachment":[{"href":"https:\/\/cdnoticias.com\/index.php\/wp-json\/wp\/v2\/media?parent=64182"}],"wp:term":[{"taxonomy":"category","embeddable":true,"href":"https:\/\/cdnoticias.com\/index.php\/wp-json\/wp\/v2\/categories?post=64182"},{"taxonomy":"post_tag","embeddable":true,"href":"https:\/\/cdnoticias.com\/index.php\/wp-json\/wp\/v2\/tags?post=64182"}],"curies":[{"name":"wp","href":"https:\/\/api.w.org\/{rel}","templated":true}]}}