{"id":64172,"date":"2022-09-06T07:53:23","date_gmt":"2022-09-06T10:53:23","guid":{"rendered":"https:\/\/www.centraldenoticias.com.ar\/?p=64172"},"modified":"2022-09-06T07:53:23","modified_gmt":"2022-09-06T10:53:23","slug":"haydee-rene-bravo-viuda-de-nievas-porota-q-e-p-d","status":"publish","type":"post","link":"https:\/\/cdnoticias.com\/index.php\/2022\/09\/06\/haydee-rene-bravo-viuda-de-nievas-porota-q-e-p-d\/","title":{"rendered":"Haydee Ren\u00e9 Bravo viuda de Nievas \u201cPorota\u201d (Q.E.P.D.)"},"content":{"rendered":"<p>Falleci\u00f3 en Olavarr\u00eda el 6 de septiembre de 2022 a los 93 a\u00f1os de edad. Sus hijos \u00c1ngel Miguel L\u00f3pez, Mar\u00eda Rosa Nievas, Juan Carlos Nievas, Bernar Ren\u00e9 Nievas, Mario Oscar Nievas, Alberto Ra\u00fal Nievas, Mar\u00eda del Carmen Nievas, Silvia Anah\u00ed Nievas, Anal\u00eda Nievas, Graciela Noem\u00ed Nievas y Silvana Leticia Nievas. Su hermana Blanca Bravo. Sus yernos, nueras, nietos, bisnietos, tataranietos y dem\u00e1s deudos participan de su fallecimiento.<\/p>\n<p>&nbsp;<\/p>\n<p>Sus restos son velados en Espa\u00f1a 2942 departamento &#8221;E&#8221; y ser\u00e1n inhumados en el cementerio Loma de Paz este martes a las 13:30, previo responso en la capilla ardiente. Vecina de barrio Hip\u00f3lito Yrigoyen. Nacida en San Jorge. Jubilada y Pensionada.<\/p>\n","protected":false},"excerpt":{"rendered":"<p>Falleci\u00f3 en Olavarr\u00eda el 6 de septiembre de 2022 a los 93 a\u00f1os de edad. Sus hijos \u00c1ngel Miguel L\u00f3pez,<\/p>\n","protected":false},"author":5,"featured_media":51544,"comment_status":"closed","ping_status":"closed","sticky":false,"template":"","format":"standard","meta":{"_jetpack_memberships_contains_paid_content":false,"footnotes":""},"categories":[10],"tags":[],"class_list":["post-64172","post","type-post","status-publish","format-standard","has-post-thumbnail","hentry","category-necrologicas"],"jetpack_featured_media_url":"https:\/\/i0.wp.com\/cdnoticias.com\/wp-content\/uploads\/2022\/04\/necrologicas-390-x-240.jpg?fit=390%2C240&ssl=1","jetpack_sharing_enabled":true,"_links":{"self":[{"href":"https:\/\/cdnoticias.com\/index.php\/wp-json\/wp\/v2\/posts\/64172","targetHints":{"allow":["GET"]}}],"collection":[{"href":"https:\/\/cdnoticias.com\/index.php\/wp-json\/wp\/v2\/posts"}],"about":[{"href":"https:\/\/cdnoticias.com\/index.php\/wp-json\/wp\/v2\/types\/post"}],"author":[{"embeddable":true,"href":"https:\/\/cdnoticias.com\/index.php\/wp-json\/wp\/v2\/users\/5"}],"replies":[{"embeddable":true,"href":"https:\/\/cdnoticias.com\/index.php\/wp-json\/wp\/v2\/comments?post=64172"}],"version-history":[{"count":0,"href":"https:\/\/cdnoticias.com\/index.php\/wp-json\/wp\/v2\/posts\/64172\/revisions"}],"wp:featuredmedia":[{"embeddable":true,"href":"https:\/\/cdnoticias.com\/index.php\/wp-json\/wp\/v2\/media\/51544"}],"wp:attachment":[{"href":"https:\/\/cdnoticias.com\/index.php\/wp-json\/wp\/v2\/media?parent=64172"}],"wp:term":[{"taxonomy":"category","embeddable":true,"href":"https:\/\/cdnoticias.com\/index.php\/wp-json\/wp\/v2\/categories?post=64172"},{"taxonomy":"post_tag","embeddable":true,"href":"https:\/\/cdnoticias.com\/index.php\/wp-json\/wp\/v2\/tags?post=64172"}],"curies":[{"name":"wp","href":"https:\/\/api.w.org\/{rel}","templated":true}]}}