{"id":64158,"date":"2022-09-05T19:22:07","date_gmt":"2022-09-05T22:22:07","guid":{"rendered":"https:\/\/www.centraldenoticias.com.ar\/?p=64158"},"modified":"2022-09-05T19:22:07","modified_gmt":"2022-09-05T22:22:07","slug":"gaston-sarachu-destaco-las-medidas-anunciadas-por-massa-para-el-sector-agropecuario","status":"publish","type":"post","link":"https:\/\/cdnoticias.com\/index.php\/2022\/09\/05\/gaston-sarachu-destaco-las-medidas-anunciadas-por-massa-para-el-sector-agropecuario\/","title":{"rendered":"Gast\u00f3n Sarachu destac\u00f3 las medidas anunciadas por Massa para el sector agropecuario"},"content":{"rendered":"<p>\u201cEl mejoramiento del precio por tonelada de soja que recibe el productor se traduce en un incentivo para la comercializaci\u00f3n&#8221; resalt\u00f3 el concejal. <!--more--><\/p>\n<hr \/>\n<p>&nbsp;<\/p>\n<p>El concejal del bloque Foro Olavarr\u00eda &#8211; Frente Renovador en el interbloque Frente de Todos, <strong>Gast\u00f3n Sarachu,<\/strong> <strong>se pronunci\u00f3 favorablemente ante los anuncios del Ministro de Econom\u00eda, Sergio Massa.\u00a0<\/strong><\/p>\n<p>&nbsp;<\/p>\n<p>Este domingo, <strong>Sergio Massa<\/strong> realiz\u00f3 un anuncio sobr<strong>e medidas para el sector agropecuario<\/strong> con el <strong>objetivo de promover las exportaciones y el fortalecimiento de reservas,<\/strong> mediante un d\u00f3lar a valor especial de $200.<\/p>\n<p>&nbsp;<\/p>\n<p>En primer lugar, \u201c<strong>vemos un reordenamiento de la econom\u00eda bajo la gesti\u00f3n de Sergio Massa<\/strong> con la <strong>consigna del crecimiento y el desarrollo,<\/strong> lo que se traduce en mayor previsi\u00f3n y tranquilidad para los productores al momento de vender sus productos\u201d, indic\u00f3 Sarachu.<\/p>\n<p>&nbsp;<\/p>\n<p>Adem\u00e1s, Sarachu agreg\u00f3 que \u201cen concreto, con la medida anunciada en la noche del domingo se busca recuperar el sendero del crecimiento, atendiendo la urgencia del corto plazo, pero con una visi\u00f3n centrada en el mediano y largo plazo\u201d. \u201c<strong>El mejoramiento del precio por tonelada de soja que recibe el productor se traduce en un incentivo para la comercializaci\u00f3n, dando alivio y orden fiscal, permitiendo fortalecer las reservas\u201d,<\/strong> sostuvo el edil.<\/p>\n<p>&nbsp;<\/p>\n<p>&#8220;De esta manera, se prev\u00e9 que para el mes de septiembre se liquiden 5000 millones de d\u00f3lares, de los cuales 1000 millones se percibir\u00e1n en los pr\u00f3ximos d\u00edas&#8221;, cerr\u00f3 Sarachu.<\/p>\n","protected":false},"excerpt":{"rendered":"<p>\u201cEl mejoramiento del precio por tonelada de soja que recibe el productor se traduce en un incentivo para la comercializaci\u00f3n&#8221;<\/p>\n","protected":false},"author":6,"featured_media":64159,"comment_status":"closed","ping_status":"closed","sticky":false,"template":"","format":"standard","meta":{"_jetpack_memberships_contains_paid_content":false,"footnotes":""},"categories":[4,1],"tags":[],"class_list":["post-64158","post","type-post","status-publish","format-standard","has-post-thumbnail","hentry","category-politica","category-portada"],"jetpack_featured_media_url":"https:\/\/i0.wp.com\/cdnoticias.com\/wp-content\/uploads\/2022\/09\/Sarachu-Creimer-Rodriguez.jpg?fit=800%2C500&ssl=1","jetpack_sharing_enabled":true,"_links":{"self":[{"href":"https:\/\/cdnoticias.com\/index.php\/wp-json\/wp\/v2\/posts\/64158","targetHints":{"allow":["GET"]}}],"collection":[{"href":"https:\/\/cdnoticias.com\/index.php\/wp-json\/wp\/v2\/posts"}],"about":[{"href":"https:\/\/cdnoticias.com\/index.php\/wp-json\/wp\/v2\/types\/post"}],"author":[{"embeddable":true,"href":"https:\/\/cdnoticias.com\/index.php\/wp-json\/wp\/v2\/users\/6"}],"replies":[{"embeddable":true,"href":"https:\/\/cdnoticias.com\/index.php\/wp-json\/wp\/v2\/comments?post=64158"}],"version-history":[{"count":0,"href":"https:\/\/cdnoticias.com\/index.php\/wp-json\/wp\/v2\/posts\/64158\/revisions"}],"wp:featuredmedia":[{"embeddable":true,"href":"https:\/\/cdnoticias.com\/index.php\/wp-json\/wp\/v2\/media\/64159"}],"wp:attachment":[{"href":"https:\/\/cdnoticias.com\/index.php\/wp-json\/wp\/v2\/media?parent=64158"}],"wp:term":[{"taxonomy":"category","embeddable":true,"href":"https:\/\/cdnoticias.com\/index.php\/wp-json\/wp\/v2\/categories?post=64158"},{"taxonomy":"post_tag","embeddable":true,"href":"https:\/\/cdnoticias.com\/index.php\/wp-json\/wp\/v2\/tags?post=64158"}],"curies":[{"name":"wp","href":"https:\/\/api.w.org\/{rel}","templated":true}]}}