{"id":64145,"date":"2022-09-05T18:25:15","date_gmt":"2022-09-05T21:25:15","guid":{"rendered":"https:\/\/www.centraldenoticias.com.ar\/?p=64145"},"modified":"2022-09-05T18:25:15","modified_gmt":"2022-09-05T21:25:15","slug":"aprobaron-un-repudio-por-el-atentado-a-cristina-fernandez-en-la-legislatura-bonaerense","status":"publish","type":"post","link":"https:\/\/cdnoticias.com\/index.php\/2022\/09\/05\/aprobaron-un-repudio-por-el-atentado-a-cristina-fernandez-en-la-legislatura-bonaerense\/","title":{"rendered":"Aprobaron un repudio por el atentado a Cristina Fern\u00e1ndez en la Legislatura Bonaerense"},"content":{"rendered":"<p>Uno de los impulsores fue el olavarriense C\u00e9sar Valicenti, presidente del bloque de diputados del Frente de Todos. \u201cDefender la democracia, los l\u00edderes populares, la pol\u00edtica y la militancia, es defender al pueblo\u201d dijo. <!--more--><\/p>\n<hr \/>\n<p>Este lunes en una<strong> sesi\u00f3n especial en la Legislatura Bonaerense, se aprob\u00f3 un repudio por el atentado a Cristina Fern\u00e1ndez de Kirchner.<\/strong> All\u00ed, uno de los que firm\u00f3 el proyecto fue el presidente del bloque del Frente de Todos en Diputados, el olavarriense<strong> C\u00e9sar Valicenti.<\/strong><\/p>\n<p>&nbsp;<\/p>\n<p>All\u00ed, se aprob\u00f3 el repudio y la condena en\u00e9rgica<em> \u201cal atentado e intento de magnicidio contra la vida de la Vicepresidenta y dos veces Presidenta de la naci\u00f3n, Cristina Fern\u00e1ndez de Kirchner y expresamos nuestra absoluta solidaridad\u201d.<\/em><\/p>\n<p>&nbsp;<\/p>\n<p>En este sentido, la Legislatura de la Provincia demand\u00f3 <strong><em>\u201cel pronto esclarecimiento, la determinaci\u00f3n y condena a los responsables de estos lamentables acontecimientos, que atentan contra la democracia\u201d.<\/em><\/strong><\/p>\n<p>&nbsp;<\/p>\n<p><em>\u201cLlamamos a referentes sociales y pol\u00edticos, y a la ciudadan\u00eda en general, a manifestarse por la paz, construir canales de di\u00e1logo, y demostrar con el ejemplo el respeto por la vida humana y el compromiso con la plena vigencia del estado de derecho y de la democracia\u201d<\/em> cierra la propuesta aprobada con la firma del diputado Valicenti.<\/p>\n<p>&nbsp;<\/p>\n<p><iframe loading=\"lazy\" title=\"YouTube video player\" src=\"https:\/\/www.youtube.com\/embed\/FUHr7yM-8sw\" width=\"560\" height=\"315\" frameborder=\"0\" allowfullscreen=\"allowfullscreen\"><\/iframe><\/p>\n<p>&nbsp;<\/p>\n<p>Justamente, el legislador local agreg\u00f3 que<em> \u201cdefender la democracia, los l\u00edderes populares, la pol\u00edtica y la militancia, es defender al pueblo\u201d.<\/em><\/p>\n","protected":false},"excerpt":{"rendered":"<p>Uno de los impulsores fue el olavarriense C\u00e9sar Valicenti, presidente del bloque de diputados del Frente de Todos. \u201cDefender la<\/p>\n","protected":false},"author":2,"featured_media":43174,"comment_status":"closed","ping_status":"closed","sticky":false,"template":"","format":"standard","meta":{"_jetpack_memberships_contains_paid_content":false,"footnotes":""},"categories":[4,1],"tags":[],"class_list":["post-64145","post","type-post","status-publish","format-standard","has-post-thumbnail","hentry","category-politica","category-portada"],"jetpack_featured_media_url":"https:\/\/i0.wp.com\/cdnoticias.com\/wp-content\/uploads\/2022\/01\/valicenti.jpg?fit=800%2C445&ssl=1","jetpack_sharing_enabled":true,"_links":{"self":[{"href":"https:\/\/cdnoticias.com\/index.php\/wp-json\/wp\/v2\/posts\/64145","targetHints":{"allow":["GET"]}}],"collection":[{"href":"https:\/\/cdnoticias.com\/index.php\/wp-json\/wp\/v2\/posts"}],"about":[{"href":"https:\/\/cdnoticias.com\/index.php\/wp-json\/wp\/v2\/types\/post"}],"author":[{"embeddable":true,"href":"https:\/\/cdnoticias.com\/index.php\/wp-json\/wp\/v2\/users\/2"}],"replies":[{"embeddable":true,"href":"https:\/\/cdnoticias.com\/index.php\/wp-json\/wp\/v2\/comments?post=64145"}],"version-history":[{"count":0,"href":"https:\/\/cdnoticias.com\/index.php\/wp-json\/wp\/v2\/posts\/64145\/revisions"}],"wp:featuredmedia":[{"embeddable":true,"href":"https:\/\/cdnoticias.com\/index.php\/wp-json\/wp\/v2\/media\/43174"}],"wp:attachment":[{"href":"https:\/\/cdnoticias.com\/index.php\/wp-json\/wp\/v2\/media?parent=64145"}],"wp:term":[{"taxonomy":"category","embeddable":true,"href":"https:\/\/cdnoticias.com\/index.php\/wp-json\/wp\/v2\/categories?post=64145"},{"taxonomy":"post_tag","embeddable":true,"href":"https:\/\/cdnoticias.com\/index.php\/wp-json\/wp\/v2\/tags?post=64145"}],"curies":[{"name":"wp","href":"https:\/\/api.w.org\/{rel}","templated":true}]}}