{"id":64141,"date":"2022-09-05T20:20:53","date_gmt":"2022-09-05T23:20:53","guid":{"rendered":"https:\/\/www.centraldenoticias.com.ar\/?p=64141"},"modified":"2022-09-06T08:39:29","modified_gmt":"2022-09-06T11:39:29","slug":"en-olavarria-hubo-consultas-por-muestras-de-sangre-para-identificar-desaparecidos","status":"publish","type":"post","link":"https:\/\/cdnoticias.com\/index.php\/2022\/09\/05\/en-olavarria-hubo-consultas-por-muestras-de-sangre-para-identificar-desaparecidos\/","title":{"rendered":"En Olavarr\u00eda hubo consultas por muestras de sangre para identificar desaparecidos"},"content":{"rendered":"<p>La iniciativa se lleva a cabo en m\u00e1s de 80 hospitales provinciales. En nuestra ciudad, el Hospital de Oncolog\u00eda es el encargado de recibir las consultas, explic\u00f3 Antonella Medici, abogada del Hospital y referente del \u00e1rea de DDHH. Desde la creaci\u00f3n del proyecto ILID en 2007, se logr\u00f3 identificar 521 restos de los cuales 304 fueron hallados en la Provincia de Buenos Aires. Todav\u00eda quedan sin identificar 600 restos en condici\u00f3n NN.<!--more--><\/p>\n<hr \/>\n<p><em>Por: Danisa Jaime\u00a0<\/em><\/p>\n<p>&nbsp;<\/p>\n<p><em><strong>\u201cSi ten\u00e9s un familiar v\u00edctima de desaparici\u00f3n forzada entre 1974 y 1983, ten\u00e9s derecho a saber si su cuerpo fue hallado. Una gota de tu sangre puede ayudar a identificarlo\u201d<\/strong><\/em> explica la campa\u00f1a lanzada para que se logren<strong> identificar 600 restos en condici\u00f3n NN.<\/strong><\/p>\n<p>&nbsp;<\/p>\n<p>En Argentina, <strong>familiares de desaparecidos de la \u00faltima dictadura militar pueden dejar muestras de sangre <a href=\"https:\/\/cdnoticias.com\/index.php\/2022\/08\/30\/familiares-de-desaparecidos-podran-dejar-muestras-de-sangre-en-hospitales-publicos-bonaerenses\/\" target=\"_blank\" rel=\"noopener\">en m\u00e1s de 80 hospitales p\u00fablicos provinciales<\/a>.<\/strong> La campa\u00f1a se enmarca dentro de la Iniciativa Latinoamericana para la Identificaci\u00f3n de Personas Desaparecidas (ILID).<\/p>\n<p>&nbsp;<\/p>\n<p><em>Central de Noticias<\/em> dialog\u00f3 con <strong>Antonella Medici, abogada del Hospital de Oncolog\u00eda y referente del \u00e1rea de DDHH,<\/strong> la cual fue creada el a\u00f1o pasado. &#8220;La toma de muestras para familiares de v\u00edctimas de terrorismo de estado fue a partir de un convenio de colaboraci\u00f3n entre el Ministerio de Salud de la Provincia de Buenos Aires y la Subsecretar\u00eda de Derechos Humanos del Ministerio de Justicia y Derechos Humanos bonaerense. Lo nuevo de este convenio, es con el Equipo Argentino de Antropolog\u00eda Forense esta <strong>campa\u00f1a se hace en m\u00e1s de 80 hospitales provinciales<\/strong>&#8221; explic\u00f3 Medici.<\/p>\n<p>&nbsp;<\/p>\n<p>En este marco, <strong>se crearon \u00e1reas y comit\u00e9s de derechos humanos en cada hospital.<\/strong> \u201cAdem\u00e1s de la toma de muestras que es muy importante,<strong> se organizan jornadas de reflexi\u00f3n,<\/strong> espacios de pensamiento reflexivos y cr\u00edticos de los derechos humanos\u201d cont\u00f3 la referente del \u00e1rea de DDHH.<\/p>\n<p>&nbsp;<\/p>\n<p>En nuestra ciudad, si quer\u00e9s consultar, <strong>pod\u00e9s acercarte al Hospital de Oncolog\u00eda<\/strong> o bien <strong>comunicarte a los siguientes n\u00fameros de tel\u00e9fonos: 0800- 345-3236\/221-504-5336\/2284-575348.<\/strong> Luego, se har\u00e1 un primer acercamiento (con una entrevista) donde<strong> se recolectar\u00e1n datos para conocer la historia<\/strong>, y en algunas ocasiones se dar\u00e1 acompa\u00f1amiento psicol\u00f3gico.<\/p>\n<p>&nbsp;<\/p>\n<p><img data-recalc-dims=\"1\" loading=\"lazy\" decoding=\"async\" class=\"aligncenter wp-image-64142 size-large\" src=\"https:\/\/i0.wp.com\/cdnoticias.com\/wp-content\/uploads\/2022\/09\/WhatsApp-Image-2022-09-05-at-15.29.51.jpeg?resize=535%2C1024&#038;ssl=1\" alt=\"\" width=\"535\" height=\"1024\" srcset=\"https:\/\/i0.wp.com\/cdnoticias.com\/wp-content\/uploads\/2022\/09\/WhatsApp-Image-2022-09-05-at-15.29.51.jpeg?resize=535%2C1024&amp;ssl=1 535w, https:\/\/i0.wp.com\/cdnoticias.com\/wp-content\/uploads\/2022\/09\/WhatsApp-Image-2022-09-05-at-15.29.51.jpeg?resize=157%2C300&amp;ssl=1 157w, https:\/\/i0.wp.com\/cdnoticias.com\/wp-content\/uploads\/2022\/09\/WhatsApp-Image-2022-09-05-at-15.29.51.jpeg?w=669&amp;ssl=1 669w\" sizes=\"auto, (max-width: 535px) 100vw, 535px\" \/><\/p>\n<p>&nbsp;<\/p>\n<p>El paso siguiente ser\u00e1 <strong>dar un turno para la toma de muestra de sangre<\/strong> que se har\u00e1 en el laboratorio del <strong>Hospital de Oncolog\u00eda<\/strong>. Luego, la muestra se env\u00eda al<strong> Instituto de Hemoterapia de La Plata<\/strong> y despu\u00e9s la Subsecretar\u00eda de Derechos Humanos la recibir\u00e1 y se enviar\u00e1 al <strong>Archivo Nacional de la Memoria<\/strong> (donde funciona el banco de sangre) y al <strong>Equipo Argentino de Antropolog\u00eda Forense<\/strong>. <strong>&#8220;El resultado se obtiene entre dos o tres meses<\/strong>&#8221; indic\u00f3 Medici.<\/p>\n<p>&nbsp;<\/p>\n<p>En <strong>Olavarr\u00eda, &#8220;se recibieron 4\u00a0consultas y se realizaron dos tomas de muestras desde diciembre del a\u00f1o pasado<\/strong>&#8221; explic\u00f3 la referente del \u00e1rea de DDHH y agreg\u00f3 que &#8220;tambi\u00e9n recibimos varias consultas sobre<strong> personas que tienen dudas sobre su identidad.<\/strong> Estos casos tambi\u00e9n se toman y se comunican a la <strong>Comisi\u00f3n Nacional por el Derecho a la Identidad<\/strong> (CONADI) as\u00ed como tambi\u00e9n con <strong>Abuelas de Plaza de Mayo.<\/strong><\/p>\n<p>&nbsp;<\/p>\n<p>Antonella Medici explic\u00f3 que vienen trabajando en red con los hospitales de la regi\u00f3n sanitaria IX<strong> Azul, Las Flores y Rauch<\/strong> y resalt\u00f3 que &#8220;<strong>la muestra de sangre la pueda dar cualquier familiar, no necesariamente tiene que ser directo (padres e hijos) pueden ser hermanos, primos etc.&#8221;.<\/strong><\/p>\n<p>&nbsp;<\/p>\n<p><img data-recalc-dims=\"1\" loading=\"lazy\" decoding=\"async\" class=\"aligncenter wp-image-64148 size-large\" src=\"https:\/\/i0.wp.com\/cdnoticias.com\/wp-content\/uploads\/2022\/09\/WhatsApp-Image-2022-09-05-at-15.34.02.jpeg?resize=486%2C1024&#038;ssl=1\" alt=\"\" width=\"486\" height=\"1024\" srcset=\"https:\/\/i0.wp.com\/cdnoticias.com\/wp-content\/uploads\/2022\/09\/WhatsApp-Image-2022-09-05-at-15.34.02.jpeg?resize=486%2C1024&amp;ssl=1 486w, https:\/\/i0.wp.com\/cdnoticias.com\/wp-content\/uploads\/2022\/09\/WhatsApp-Image-2022-09-05-at-15.34.02.jpeg?resize=142%2C300&amp;ssl=1 142w, https:\/\/i0.wp.com\/cdnoticias.com\/wp-content\/uploads\/2022\/09\/WhatsApp-Image-2022-09-05-at-15.34.02.jpeg?w=607&amp;ssl=1 607w\" sizes=\"auto, (max-width: 486px) 100vw, 486px\" \/><\/p>\n<p>&nbsp;<\/p>\n<p>Adem\u00e1s, Medici coment\u00f3 que otras de las l\u00edneas de trabajo del convenio, es la &#8220;<strong>recuperaci\u00f3n de archivo de los hospitales provinciales que hayan sido v\u00edctimas de la dictadura c\u00edvico militar&#8221;.<\/strong><\/p>\n<p>&nbsp;<\/p>\n<p><img data-recalc-dims=\"1\" loading=\"lazy\" decoding=\"async\" class=\"aligncenter wp-image-64147 size-large\" src=\"https:\/\/i0.wp.com\/cdnoticias.com\/wp-content\/uploads\/2022\/09\/WhatsApp-Image-2022-09-05-at-15.32.00.jpeg?resize=800%2C973&#038;ssl=1\" alt=\"\" width=\"800\" height=\"973\" srcset=\"https:\/\/i0.wp.com\/cdnoticias.com\/wp-content\/uploads\/2022\/09\/WhatsApp-Image-2022-09-05-at-15.32.00.jpeg?resize=842%2C1024&amp;ssl=1 842w, https:\/\/i0.wp.com\/cdnoticias.com\/wp-content\/uploads\/2022\/09\/WhatsApp-Image-2022-09-05-at-15.32.00.jpeg?resize=247%2C300&amp;ssl=1 247w, https:\/\/i0.wp.com\/cdnoticias.com\/wp-content\/uploads\/2022\/09\/WhatsApp-Image-2022-09-05-at-15.32.00.jpeg?resize=768%2C934&amp;ssl=1 768w, https:\/\/i0.wp.com\/cdnoticias.com\/wp-content\/uploads\/2022\/09\/WhatsApp-Image-2022-09-05-at-15.32.00.jpeg?w=1053&amp;ssl=1 1053w\" sizes=\"auto, (max-width: 800px) 100vw, 800px\" \/><\/p>\n<p>&nbsp;<\/p>\n<p><strong>Los datos espec\u00edficos\u00a0<\/strong><\/p>\n<p>&nbsp;<\/p>\n<ul>\n<li>Desde marzo de 2021 hasta la fecha, se tomaron <strong>m\u00e1s de 80 muestras en 19 hospitales p\u00fablicos de la provincia.<\/strong><\/li>\n<li>Desde la creaci\u00f3n del proyecto Iniciativa Latinoamericana para la Identificaci\u00f3n de Personas Desaparecidas (ILID) en 2007, <strong>se logr\u00f3 identificar 521 restos de los cuales 304 fueron hallados en la Provincia de Buenos Aires.<\/strong><\/li>\n<li>Todav\u00eda quedan <strong>sin identificar 600 restos en condici\u00f3n NN.<\/strong><\/li>\n<\/ul>\n<p>&nbsp;<\/p>\n<p><strong>La Memoria, presente<\/strong><\/p>\n<p>&nbsp;<\/p>\n<p>En el <strong>Hospital de Oncolog\u00eda de Olavarr\u00eda<\/strong> se encuentra un<strong> mural en el patio interno<\/strong>, realizado por <strong>Jerem\u00edas Betencurt<\/strong>, el cual fue <strong>inaugurado el 24 de Marzo de 2022<\/strong>, a 46 a\u00f1os del golpe de Estado.<\/p>\n<p>&nbsp;<\/p>\n<p>Al costado del mural se encuentran <strong>placas conmemorativas de tres olavarrienses desaparecidos en 1977<\/strong>: Anna Mar\u00eda Mobili de Bonetto (Psic\u00f3loga desaparecida En La Plata); Griselda Ester Betelu Sannuto (Psic\u00f3loga y Docente, embarazada. Desaparecida en Villa Elisa) y Jos\u00e9 Roberto Bonetto (arquitecto, desaparecido en La Plata).<\/p>\n<p>&nbsp;<\/p>\n<p>&#8220;El d\u00eda de la inauguraci\u00f3n del mural estuvieron presentes familiares de estas tres personas quienes estaban contentos y muy emocionados&#8221; cerr\u00f3 Antonella Medici.<\/p>\n<p>&nbsp;<\/p>\n<p><img data-recalc-dims=\"1\" loading=\"lazy\" decoding=\"async\" class=\"aligncenter wp-image-64144 size-large\" src=\"https:\/\/i0.wp.com\/cdnoticias.com\/wp-content\/uploads\/2022\/09\/WhatsApp-Image-2022-09-05-at-15.20.23.jpeg?resize=800%2C600&#038;ssl=1\" alt=\"\" width=\"800\" height=\"600\" srcset=\"https:\/\/i0.wp.com\/cdnoticias.com\/wp-content\/uploads\/2022\/09\/WhatsApp-Image-2022-09-05-at-15.20.23.jpeg?resize=1024%2C768&amp;ssl=1 1024w, https:\/\/i0.wp.com\/cdnoticias.com\/wp-content\/uploads\/2022\/09\/WhatsApp-Image-2022-09-05-at-15.20.23.jpeg?resize=300%2C225&amp;ssl=1 300w, https:\/\/i0.wp.com\/cdnoticias.com\/wp-content\/uploads\/2022\/09\/WhatsApp-Image-2022-09-05-at-15.20.23.jpeg?resize=768%2C576&amp;ssl=1 768w, https:\/\/i0.wp.com\/cdnoticias.com\/wp-content\/uploads\/2022\/09\/WhatsApp-Image-2022-09-05-at-15.20.23.jpeg?resize=1536%2C1152&amp;ssl=1 1536w, https:\/\/i0.wp.com\/cdnoticias.com\/wp-content\/uploads\/2022\/09\/WhatsApp-Image-2022-09-05-at-15.20.23.jpeg?w=1600&amp;ssl=1 1600w\" sizes=\"auto, (max-width: 800px) 100vw, 800px\" \/><\/p>\n<p>&nbsp;<\/p>\n<p>&nbsp;<\/p>\n","protected":false},"excerpt":{"rendered":"<p>La iniciativa se lleva a cabo en m\u00e1s de 80 hospitales provinciales. En nuestra ciudad, el Hospital de Oncolog\u00eda es<\/p>\n","protected":false},"author":6,"featured_media":64144,"comment_status":"closed","ping_status":"closed","sticky":false,"template":"","format":"standard","meta":{"_jetpack_memberships_contains_paid_content":false,"footnotes":""},"categories":[5,1],"tags":[],"class_list":["post-64141","post","type-post","status-publish","format-standard","has-post-thumbnail","hentry","category-informacion-general","category-portada"],"jetpack_featured_media_url":"https:\/\/i0.wp.com\/cdnoticias.com\/wp-content\/uploads\/2022\/09\/WhatsApp-Image-2022-09-05-at-15.20.23.jpeg?fit=1600%2C1200&ssl=1","jetpack_sharing_enabled":true,"_links":{"self":[{"href":"https:\/\/cdnoticias.com\/index.php\/wp-json\/wp\/v2\/posts\/64141","targetHints":{"allow":["GET"]}}],"collection":[{"href":"https:\/\/cdnoticias.com\/index.php\/wp-json\/wp\/v2\/posts"}],"about":[{"href":"https:\/\/cdnoticias.com\/index.php\/wp-json\/wp\/v2\/types\/post"}],"author":[{"embeddable":true,"href":"https:\/\/cdnoticias.com\/index.php\/wp-json\/wp\/v2\/users\/6"}],"replies":[{"embeddable":true,"href":"https:\/\/cdnoticias.com\/index.php\/wp-json\/wp\/v2\/comments?post=64141"}],"version-history":[{"count":0,"href":"https:\/\/cdnoticias.com\/index.php\/wp-json\/wp\/v2\/posts\/64141\/revisions"}],"wp:featuredmedia":[{"embeddable":true,"href":"https:\/\/cdnoticias.com\/index.php\/wp-json\/wp\/v2\/media\/64144"}],"wp:attachment":[{"href":"https:\/\/cdnoticias.com\/index.php\/wp-json\/wp\/v2\/media?parent=64141"}],"wp:term":[{"taxonomy":"category","embeddable":true,"href":"https:\/\/cdnoticias.com\/index.php\/wp-json\/wp\/v2\/categories?post=64141"},{"taxonomy":"post_tag","embeddable":true,"href":"https:\/\/cdnoticias.com\/index.php\/wp-json\/wp\/v2\/tags?post=64141"}],"curies":[{"name":"wp","href":"https:\/\/api.w.org\/{rel}","templated":true}]}}