{"id":64135,"date":"2022-09-05T15:20:30","date_gmt":"2022-09-05T18:20:30","guid":{"rendered":"https:\/\/www.centraldenoticias.com.ar\/?p=64135"},"modified":"2022-09-05T16:47:12","modified_gmt":"2022-09-05T19:47:12","slug":"desconfianza-entre-los-panaderos-con-los-cambios-en-el-fideicomiso-de-la-harina","status":"publish","type":"post","link":"https:\/\/cdnoticias.com\/index.php\/2022\/09\/05\/desconfianza-entre-los-panaderos-con-los-cambios-en-el-fideicomiso-de-la-harina\/","title":{"rendered":"Desconfianza entre los panaderos con los cambios en el fideicomiso de la harina"},"content":{"rendered":"<p>El objetivo de la Naci\u00f3n es frenar los aumentos: subsidiar\u00e1n directamente a los panaderos. \u201cLo veo bastante inviable\u201d dijo Roberto Soccodato quien se\u00f1al\u00f3 que se analiza una suba de 10% en Olavarr\u00eda.<!--more--><\/p>\n<hr \/>\n<p><strong>La semana pasada, la Secretar\u00eda de Comercio Interior de la Naci\u00f3n inform\u00f3 la modificaci\u00f3n del mecanismo de compensaci\u00f3n del Fondo Estabilizador del Trigo Argentino (FETA)<\/strong>. Se subrayaron los objetivos de evitar que el precio del pan aumente y que la harina subsidiada llegue a los panaderos.<\/p>\n<p>&nbsp;<\/p>\n<p>La Federaci\u00f3n Argentina Industria Molinera (FAIM) tuvo una evaluaci\u00f3n positiva de los cambios, pero <strong>el sector de los panaderos se mostr\u00f3 con desconfianza<\/strong>. <strong>Central de Noticias<\/strong> consult\u00f3 sobre el tema a <strong>Roberto Soccodato, del Centro de Industriales Panaderos de Olavarr\u00eda (CIPO<\/strong>).<\/p>\n<p>&nbsp;<\/p>\n<p><strong>El secretario de Comercio, Mat\u00edas Tombolini, sostuvo que se decidi\u00f3 \u201ccambiar el mecanismo\u201d<\/strong> del Fondo Estabilizador del Trigo con la intenci\u00f3n de compensar la demanda. Consider\u00f3 que, si bien el fideicomiso implementado en marzo de 2022 durante la gesti\u00f3n de Roberto Feletti, tuvo resultados parciales, \u201cno existe intenci\u00f3n de eliminarlo\u201d.<\/p>\n<p>&nbsp;<\/p>\n<blockquote class=\"twitter-tweet\">\n<p dir=\"ltr\" lang=\"es\">Los fondos del FETA provienen de las retenciones extraordinarias al aceite de soja y hoy son distribu\u00eddos entre los molinos que participan de \u00e9l.<\/p>\n<p>De esta manera se subsidia la bolsa de 25 kilos de harina que compran industrias, distribuidores, panader\u00edas y afines.<\/p>\n<p>\u2014 Matias Tombolini (@matiastombolini) <a href=\"https:\/\/twitter.com\/matiastombolini\/status\/1565392359365480455?ref_src=twsrc%5Etfw\">September 1, 2022<\/a><\/p><\/blockquote>\n<p><script async src=\"https:\/\/platform.twitter.com\/widgets.js\" charset=\"utf-8\"><\/script><\/p>\n<p>&nbsp;<\/p>\n<p><strong>El Fondo entr\u00f3 en vigencia con el objetivo de desacoplar el precio interno del trigo del precio externo<\/strong> comenzada la guerra entre Rusia y Ucrania con fondos generados a trav\u00e9s de 2 puntos de las retenciones que se cobran por las exportaciones de harina y aceite de soja, que son \u201cdistribuidos entre los molinos que participan\u201d.\u00a0Tombolini dijo que la intenci\u00f3n es continuar el di\u00e1logo \u201ccon todos los sectores, sin interrumpir los procesos en marcha\u201d. <strong>\u201cLa necesidad es llevar alivio a la mesa de los argentinos<\/strong>, y para eso necesitamos trabajar con herramientas que funcionen y que hasta aqu\u00ed presentan deficiencias que urge corregir\u201d, concluy\u00f3.<\/p>\n<p>&nbsp;<\/p>\n<p><strong>&#8220;De esta manera se subsidia la bolsa de 25 kilos de harina que compran industrias, distribuidores, panader\u00edas y afines&#8221;<\/strong>, puntualiz\u00f3 Tombolini.<\/p>\n<p>&nbsp;<\/p>\n<p><strong>Roberto Soccodato, del CIPO<\/strong>, indic\u00f3 que recibieron un comunicado donde se explicaban los cambios: <strong>\u201cse daba de baja el fideicomiso y se iba a ver la forma de que el subsidio llegue directamente al panadero\u201d<\/strong> explic\u00f3 para definir que <strong>\u201clo cual lo veo bastante inviable\u201d<\/strong>.<\/p>\n<p>&nbsp;<\/p>\n<p><img data-recalc-dims=\"1\" loading=\"lazy\" decoding=\"async\" class=\"size-full wp-image-64137 aligncenter\" src=\"https:\/\/i0.wp.com\/cdnoticias.com\/wp-content\/uploads\/2022\/09\/pan-precio-harina.jpg?resize=800%2C446&#038;ssl=1\" alt=\"\" width=\"800\" height=\"446\" srcset=\"https:\/\/i0.wp.com\/cdnoticias.com\/wp-content\/uploads\/2022\/09\/pan-precio-harina.jpg?w=800&amp;ssl=1 800w, https:\/\/i0.wp.com\/cdnoticias.com\/wp-content\/uploads\/2022\/09\/pan-precio-harina.jpg?resize=300%2C167&amp;ssl=1 300w, https:\/\/i0.wp.com\/cdnoticias.com\/wp-content\/uploads\/2022\/09\/pan-precio-harina.jpg?resize=768%2C428&amp;ssl=1 768w\" sizes=\"auto, (max-width: 800px) 100vw, 800px\" \/><\/p>\n<p>&nbsp;<\/p>\n<p>&nbsp;<\/p>\n<p>Afirm\u00f3 que un mecanismo similar <strong>ya se aplic\u00f3 en 2012 con resultados negativos<\/strong>, <em>\u201cnos anotamos y nunca nos lleg\u00f3 la harina subsidiada\u201d<\/em>.<\/p>\n<p>&nbsp;<\/p>\n<blockquote><p>Los panaderos de Olavarr\u00eda se mostraron a la expectativa, aunque ya analizan una pr\u00f3xima suba del pan. \u201cPor ahora estamos a la espera y en caso de no haber novedades se har\u00eda un nuevo incremento\u201d adelant\u00f3 para se\u00f1alar que \u201candar\u00eda en el orden del 10 %\u201d.<\/p><\/blockquote>\n<p>&nbsp;<\/p>\n<p>Cabe recordar que<a href=\"https:\/\/cdnoticias.com\/index.php\/2022\/08\/09\/nuevo-aumento-del-pan-y-derivados-en-olavarria-el-kilo-llegaria-a-los-350-promedio\/\" target=\"_blank\" rel=\"noopener\"> el \u00faltimo aumento del pan en Olavarr\u00eda se dio a principios de agosto<\/a>.<\/p>\n","protected":false},"excerpt":{"rendered":"<p>El objetivo de la Naci\u00f3n es frenar los aumentos: subsidiar\u00e1n directamente a los panaderos. \u201cLo veo bastante inviable\u201d dijo Roberto<\/p>\n","protected":false},"author":4,"featured_media":64136,"comment_status":"closed","ping_status":"closed","sticky":false,"template":"","format":"standard","meta":{"_jetpack_memberships_contains_paid_content":false,"footnotes":""},"categories":[5,1],"tags":[],"class_list":["post-64135","post","type-post","status-publish","format-standard","has-post-thumbnail","hentry","category-informacion-general","category-portada"],"jetpack_featured_media_url":"https:\/\/i0.wp.com\/cdnoticias.com\/wp-content\/uploads\/2022\/09\/pan-precio-harina-0.jpg?fit=800%2C445&ssl=1","jetpack_sharing_enabled":true,"_links":{"self":[{"href":"https:\/\/cdnoticias.com\/index.php\/wp-json\/wp\/v2\/posts\/64135","targetHints":{"allow":["GET"]}}],"collection":[{"href":"https:\/\/cdnoticias.com\/index.php\/wp-json\/wp\/v2\/posts"}],"about":[{"href":"https:\/\/cdnoticias.com\/index.php\/wp-json\/wp\/v2\/types\/post"}],"author":[{"embeddable":true,"href":"https:\/\/cdnoticias.com\/index.php\/wp-json\/wp\/v2\/users\/4"}],"replies":[{"embeddable":true,"href":"https:\/\/cdnoticias.com\/index.php\/wp-json\/wp\/v2\/comments?post=64135"}],"version-history":[{"count":0,"href":"https:\/\/cdnoticias.com\/index.php\/wp-json\/wp\/v2\/posts\/64135\/revisions"}],"wp:featuredmedia":[{"embeddable":true,"href":"https:\/\/cdnoticias.com\/index.php\/wp-json\/wp\/v2\/media\/64136"}],"wp:attachment":[{"href":"https:\/\/cdnoticias.com\/index.php\/wp-json\/wp\/v2\/media?parent=64135"}],"wp:term":[{"taxonomy":"category","embeddable":true,"href":"https:\/\/cdnoticias.com\/index.php\/wp-json\/wp\/v2\/categories?post=64135"},{"taxonomy":"post_tag","embeddable":true,"href":"https:\/\/cdnoticias.com\/index.php\/wp-json\/wp\/v2\/tags?post=64135"}],"curies":[{"name":"wp","href":"https:\/\/api.w.org\/{rel}","templated":true}]}}