{"id":64121,"date":"2022-09-06T19:14:00","date_gmt":"2022-09-06T22:14:00","guid":{"rendered":"https:\/\/www.centraldenoticias.com.ar\/?p=64121"},"modified":"2022-09-06T19:14:00","modified_gmt":"2022-09-06T22:14:00","slug":"la-junta-vecinal-carlos-pellegrini-presento-propuestas-al-municipio","status":"publish","type":"post","link":"https:\/\/cdnoticias.com\/index.php\/2022\/09\/06\/la-junta-vecinal-carlos-pellegrini-presento-propuestas-al-municipio\/","title":{"rendered":"La junta vecinal Carlos Pellegrini present\u00f3 propuestas al Municipio"},"content":{"rendered":"<p>Fue en una reuni\u00f3n con el secretario de Gobierno Hilario Galli. Pidieron mejorar en infraestructura y seguridad vial.<!--more--><\/p>\n<hr \/>\n<p>La comisi\u00f3n directiva de la junta vecinal Carlos Pellegrini se reuni\u00f3 con el secretario de Gobierno municipal Hilario Galli para presentar una serie de<strong> propuestas tendientes a mejorar las condiciones del barrio.<\/strong><\/p>\n<p>&nbsp;<\/p>\n<p>En primer lugar, solicitaron la concreci\u00f3n de <strong>obra de cord\u00f3n cuneta<\/strong> con el fin de \u201cnivelar los accesos a las viviendas, evitando as\u00ed, el estancamiento de agua que se origina principalmente los d\u00edas de lluvias, debido a faltas de obra con proyecci\u00f3n para evitarlo. Y ayudar a realizar un mejor mantenimiento de las calles hasta tanto se pudiera concretar el asfalto\u201d.<\/p>\n<p>&nbsp;<\/p>\n<p>Adem\u00e1s, se\u00f1alaron la intenci\u00f3n de \u201cproyectar un<strong> espacio de usos m\u00faltiples<\/strong> en el sector circundante dentro de las calles <strong>Juan XXIII, Mois\u00e9s Lebensohn, Islas Malvinas y Tierra del Fuego<\/strong>\u201d y \u201ca\u00f1adir dentro del \u00e1rea anteriormente mencionada, <strong>un play\u00f3n con una cancha de b\u00e1squet<\/strong>, dando con ella, la posibilidad de fomentar, practicar y acceder a otros deportes\u201d.<\/p>\n<p>&nbsp;<\/p>\n<p>En ese sentido pidieron la entrega de <strong>\u201ccopia del documento que certifique el espacio verde que est\u00e1 dispuesto para el barrio\u201d.<\/strong><\/p>\n<p>&nbsp;<\/p>\n<p><img data-recalc-dims=\"1\" loading=\"lazy\" decoding=\"async\" class=\"aligncenter size-full wp-image-64122\" src=\"https:\/\/i0.wp.com\/cdnoticias.com\/wp-content\/uploads\/2022\/09\/reunion-jvcp-02.jpg?resize=800%2C480&#038;ssl=1\" alt=\"\" width=\"800\" height=\"480\" srcset=\"https:\/\/i0.wp.com\/cdnoticias.com\/wp-content\/uploads\/2022\/09\/reunion-jvcp-02.jpg?w=1471&amp;ssl=1 1471w, https:\/\/i0.wp.com\/cdnoticias.com\/wp-content\/uploads\/2022\/09\/reunion-jvcp-02.jpg?resize=300%2C180&amp;ssl=1 300w, https:\/\/i0.wp.com\/cdnoticias.com\/wp-content\/uploads\/2022\/09\/reunion-jvcp-02.jpg?resize=1024%2C614&amp;ssl=1 1024w, https:\/\/i0.wp.com\/cdnoticias.com\/wp-content\/uploads\/2022\/09\/reunion-jvcp-02.jpg?resize=768%2C460&amp;ssl=1 768w\" sizes=\"auto, (max-width: 800px) 100vw, 800px\" \/><\/p>\n<p>&nbsp;<\/p>\n<p>Por otra parte, sugirieron la colocaci\u00f3n de <strong>guardarrail en la margen izquierda de la avenida Pellegrini<\/strong>, con direcci\u00f3n entre avenida Trabajadores a RN 226 \u201cpara delimitar, por seguridad, el canal que all\u00ed se ubica\u201d.<\/p>\n<p>&nbsp;<\/p>\n<p>Aconsejaron tambi\u00e9n que se ponga en revisi\u00f3n la posibilidad de sumar <strong>reductores de velocidad<\/strong> en el recorrido de avenida Trabajadores, entre avenida Circunvalaci\u00f3n y avenida Pellegrini. \u201cHasta que ello se concrete, una posibilidad a considerar podr\u00eda ser, la presencia de <strong>patrullas de tr\u00e1nsito<\/strong>, que ayuden en la prevenci\u00f3n de accidentes, especialmente en horarios picos, donde se encuentran entrada y salida a f\u00e1bricas aleda\u00f1as, ingreso y egreso al predio \u201cLa M\u00e1xima\u201d, para la realizaci\u00f3n de carnet de conducir, y quienes entran y salen del barrio por esa arteria\u201d, afirmaron.<\/p>\n<p>&nbsp;<\/p>\n<p>Propusieron tambi\u00e9n, la realizaci\u00f3n de estudio correspondiente a fin de conocer detalles sobre la <strong>infraestructura el\u00e9ctrica<\/strong> en el barrio. La iniciativa buscar \u201crevertir el problema de la baja tensi\u00f3n y el corte del servicio ante una inclemencia clim\u00e1tica. Sumando, adem\u00e1s, el relevamiento correspondiente para efectuar la extensi\u00f3n de la red de luminaria p\u00fablica y la colocaci\u00f3n de nuevas l\u00e1mparas de luz en los sectores que el informe considere necesario\u201d.<\/p>\n","protected":false},"excerpt":{"rendered":"<p>Fue en una reuni\u00f3n con el secretario de Gobierno Hilario Galli. Pidieron mejorar en infraestructura y seguridad vial.<\/p>\n","protected":false},"author":5,"featured_media":64123,"comment_status":"closed","ping_status":"closed","sticky":false,"template":"","format":"standard","meta":{"_jetpack_memberships_contains_paid_content":false,"footnotes":""},"categories":[5,1],"tags":[],"class_list":["post-64121","post","type-post","status-publish","format-standard","has-post-thumbnail","hentry","category-informacion-general","category-portada"],"jetpack_featured_media_url":"https:\/\/i0.wp.com\/cdnoticias.com\/wp-content\/uploads\/2022\/09\/reunion-jvcp-01.jpg?fit=1600%2C960&ssl=1","jetpack_sharing_enabled":true,"_links":{"self":[{"href":"https:\/\/cdnoticias.com\/index.php\/wp-json\/wp\/v2\/posts\/64121","targetHints":{"allow":["GET"]}}],"collection":[{"href":"https:\/\/cdnoticias.com\/index.php\/wp-json\/wp\/v2\/posts"}],"about":[{"href":"https:\/\/cdnoticias.com\/index.php\/wp-json\/wp\/v2\/types\/post"}],"author":[{"embeddable":true,"href":"https:\/\/cdnoticias.com\/index.php\/wp-json\/wp\/v2\/users\/5"}],"replies":[{"embeddable":true,"href":"https:\/\/cdnoticias.com\/index.php\/wp-json\/wp\/v2\/comments?post=64121"}],"version-history":[{"count":0,"href":"https:\/\/cdnoticias.com\/index.php\/wp-json\/wp\/v2\/posts\/64121\/revisions"}],"wp:featuredmedia":[{"embeddable":true,"href":"https:\/\/cdnoticias.com\/index.php\/wp-json\/wp\/v2\/media\/64123"}],"wp:attachment":[{"href":"https:\/\/cdnoticias.com\/index.php\/wp-json\/wp\/v2\/media?parent=64121"}],"wp:term":[{"taxonomy":"category","embeddable":true,"href":"https:\/\/cdnoticias.com\/index.php\/wp-json\/wp\/v2\/categories?post=64121"},{"taxonomy":"post_tag","embeddable":true,"href":"https:\/\/cdnoticias.com\/index.php\/wp-json\/wp\/v2\/tags?post=64121"}],"curies":[{"name":"wp","href":"https:\/\/api.w.org\/{rel}","templated":true}]}}