{"id":64095,"date":"2022-09-06T08:09:36","date_gmt":"2022-09-06T11:09:36","guid":{"rendered":"https:\/\/www.centraldenoticias.com.ar\/?p=64095"},"modified":"2022-09-06T08:09:36","modified_gmt":"2022-09-06T11:09:36","slug":"por-olavarria-todos-en-el-iii-congreso-de-partidos-vecinales-en-chivilcoy","status":"publish","type":"post","link":"https:\/\/cdnoticias.com\/index.php\/2022\/09\/06\/por-olavarria-todos-en-el-iii-congreso-de-partidos-vecinales-en-chivilcoy\/","title":{"rendered":"Por Olavarr\u00eda Todos, en el III Congreso de Partidos Vecinales en Chivilcoy"},"content":{"rendered":"<p>Andrea Coronel y parte de su equipo de trabajo estuvieron en el encuentro al que asistieron representantes de m\u00e1s de 30 municipios.<!--more--><\/p>\n<hr \/>\n<p>En la ciudad de Chivilcoy se llev\u00f3 a cabo este s\u00e1bado el <strong>tercer congreso de Buenos Aires Primero<\/strong>.<\/p>\n<p>&nbsp;<\/p>\n<p><strong>La agrupaci\u00f3n local Por Olavarr\u00eda Todos (POT) asisti\u00f3 a ese encuentro<\/strong> sobre el que se indic\u00f3 que <em>\u201cfue el marco de seguir construyendo y trabajando desde el vecinalismo para los vecinos y vecinas de la provincia de Buenos Aires<\/em>. Intendentes, concejales, funcionarios y referentes de m\u00e1s de 30 delegaciones provinciales se hicieron presentes\u201d.<\/p>\n<p>&nbsp;<\/p>\n<p><img data-recalc-dims=\"1\" loading=\"lazy\" decoding=\"async\" class=\"size-full wp-image-64097 aligncenter\" src=\"https:\/\/i0.wp.com\/cdnoticias.com\/wp-content\/uploads\/2022\/09\/POT-por-olavarria-todos-vecinalistas-00.jpg?resize=800%2C445&#038;ssl=1\" alt=\"\" width=\"800\" height=\"445\" srcset=\"https:\/\/i0.wp.com\/cdnoticias.com\/wp-content\/uploads\/2022\/09\/POT-por-olavarria-todos-vecinalistas-00.jpg?w=800&amp;ssl=1 800w, https:\/\/i0.wp.com\/cdnoticias.com\/wp-content\/uploads\/2022\/09\/POT-por-olavarria-todos-vecinalistas-00.jpg?resize=300%2C167&amp;ssl=1 300w, https:\/\/i0.wp.com\/cdnoticias.com\/wp-content\/uploads\/2022\/09\/POT-por-olavarria-todos-vecinalistas-00.jpg?resize=768%2C427&amp;ssl=1 768w\" sizes=\"auto, (max-width: 800px) 100vw, 800px\" \/><\/p>\n<p>&nbsp;<\/p>\n<p>\u201cEn un contexto de tanta divisi\u00f3n y enfrentamiento social, nos reunirnos para fortalecer el vecinalismo bonaerense y <strong>proponer proyectos concretos en pos de solucionar los problemas diarios de nuestros vecinos y vecinas<\/strong>\u201d, expres\u00f3 el intendente anfitri\u00f3n de la ciudad de Chivilcoy, Guillermo Britos.<\/p>\n<p>&nbsp;<\/p>\n<p>Por su parte <strong>Andrea Coronel, presidenta del espacio vecinalista de nuestra ciudad (POT)<\/strong> junto a parte de su equipo de trabajo puso en agenda con los intendentes Guillermo Britos (Chivilcoy) y Carlos Bevilacqua (Villarino) recorridas por los municipios mencionados para el mes de octubre, con el fin de fortalecer el trabajo vecinalista en el partido de Olavarr\u00eda.<\/p>\n<p>&nbsp;<\/p>\n","protected":false},"excerpt":{"rendered":"<p>Andrea Coronel y parte de su equipo de trabajo estuvieron en el encuentro al que asistieron representantes de m\u00e1s de<\/p>\n","protected":false},"author":4,"featured_media":64098,"comment_status":"closed","ping_status":"closed","sticky":false,"template":"","format":"standard","meta":{"_jetpack_memberships_contains_paid_content":false,"footnotes":""},"categories":[4,1],"tags":[],"class_list":["post-64095","post","type-post","status-publish","format-standard","has-post-thumbnail","hentry","category-politica","category-portada"],"jetpack_featured_media_url":"https:\/\/i0.wp.com\/cdnoticias.com\/wp-content\/uploads\/2022\/09\/POT-por-olavarria-todos-vecinalistas-01.jpg?fit=800%2C445&ssl=1","jetpack_sharing_enabled":true,"_links":{"self":[{"href":"https:\/\/cdnoticias.com\/index.php\/wp-json\/wp\/v2\/posts\/64095","targetHints":{"allow":["GET"]}}],"collection":[{"href":"https:\/\/cdnoticias.com\/index.php\/wp-json\/wp\/v2\/posts"}],"about":[{"href":"https:\/\/cdnoticias.com\/index.php\/wp-json\/wp\/v2\/types\/post"}],"author":[{"embeddable":true,"href":"https:\/\/cdnoticias.com\/index.php\/wp-json\/wp\/v2\/users\/4"}],"replies":[{"embeddable":true,"href":"https:\/\/cdnoticias.com\/index.php\/wp-json\/wp\/v2\/comments?post=64095"}],"version-history":[{"count":0,"href":"https:\/\/cdnoticias.com\/index.php\/wp-json\/wp\/v2\/posts\/64095\/revisions"}],"wp:featuredmedia":[{"embeddable":true,"href":"https:\/\/cdnoticias.com\/index.php\/wp-json\/wp\/v2\/media\/64098"}],"wp:attachment":[{"href":"https:\/\/cdnoticias.com\/index.php\/wp-json\/wp\/v2\/media?parent=64095"}],"wp:term":[{"taxonomy":"category","embeddable":true,"href":"https:\/\/cdnoticias.com\/index.php\/wp-json\/wp\/v2\/categories?post=64095"},{"taxonomy":"post_tag","embeddable":true,"href":"https:\/\/cdnoticias.com\/index.php\/wp-json\/wp\/v2\/tags?post=64095"}],"curies":[{"name":"wp","href":"https:\/\/api.w.org\/{rel}","templated":true}]}}