{"id":64082,"date":"2022-09-05T08:31:06","date_gmt":"2022-09-05T11:31:06","guid":{"rendered":"https:\/\/www.centraldenoticias.com.ar\/?p=64082"},"modified":"2022-09-05T08:31:06","modified_gmt":"2022-09-05T11:31:06","slug":"somos-olavarria-estuvo-en-chivilcoy-en-una-reunion-de-partidos-vecinalistas","status":"publish","type":"post","link":"https:\/\/cdnoticias.com\/index.php\/2022\/09\/05\/somos-olavarria-estuvo-en-chivilcoy-en-una-reunion-de-partidos-vecinalistas\/","title":{"rendered":"Somos Olavarr\u00eda estuvo en Chivilcoy en una reuni\u00f3n de partidos vecinalistas"},"content":{"rendered":"<p>El encuentro se denomin\u00f3 Buenos Aires Primero y asistieron tambi\u00e9n varios intendentes bonaerenses.<!--more--><\/p>\n<hr \/>\n<p><strong>\u201cSeguimos trabajando y construyendo para el futuro de nuestra Olavarr\u00eda de cara al 2023\u201d<\/strong> destac\u00f3 la agrupaci\u00f3n local <strong>Somos Olavarr\u00eda<\/strong> que tiene como referente a Alexander Aquila.<\/p>\n<p>&nbsp;<\/p>\n<p>As\u00ed se dio a conocer que <strong>asistieron a Buenos Aires Primero (BAP)<\/strong>, una reuni\u00f3n de partidos vecinalistas realizada <strong>en Chivilcoy.<\/strong><\/p>\n<p>&nbsp;<\/p>\n<blockquote><p>\u201cCon la presencia de distintos intendentes, concejales y funcionarios de Buenos Aires fuimos parte de la tercera jornada del BAP. En este encuentro participaron referentes de agrupaciones vecinales de m\u00e1s de 30 municipios de la provincia. Conocimos diferentes problem\u00e1ticas, puntos de vistas y experiencias de cada uno de ellos. BAP, es\u00a0 un espacio pol\u00edtico plural donde la experiencia y la juventud se unen en pos de crear y transformar pol\u00edticas p\u00fablicas que sirvan al vecino d\u00eda a d\u00eda\u201d se indic\u00f3 desde la agrupaci\u00f3n.<\/p><\/blockquote>\n<p>&nbsp;<\/p>\n<p>Agradecieron al<em> intendente Guillermo Britos y a Lucas Burgos, presidente del HCD de Chivilcoy<\/em> quienes junto a <em>Facundo Zaldua, apoderado del BAP<\/em>, fueron anfitriones del encuentro.<\/p>\n<p>&nbsp;<\/p>\n<p><em>\u201cTambi\u00e9n agradecemos a los intendentes de las ciudades de Villarino, Carlos Bevilacqua; de Necochea, Arturo Rojas; de Salliquel\u00f3, Juan Nosetti y de Carmen de Areco, Marcelo Skansi<\/em>; con quienes <strong>nos dimos el gusto de una charla muy enriquecedora\u201d<\/strong> cerr\u00f3 el comunicado de Somos Olavarr\u00eda.<\/p>\n","protected":false},"excerpt":{"rendered":"<p>El encuentro se denomin\u00f3 Buenos Aires Primero y asistieron tambi\u00e9n varios intendentes bonaerenses.<\/p>\n","protected":false},"author":4,"featured_media":64084,"comment_status":"closed","ping_status":"closed","sticky":false,"template":"","format":"standard","meta":{"_jetpack_memberships_contains_paid_content":false,"footnotes":""},"categories":[4,1],"tags":[],"class_list":["post-64082","post","type-post","status-publish","format-standard","has-post-thumbnail","hentry","category-politica","category-portada"],"jetpack_featured_media_url":"https:\/\/i0.wp.com\/cdnoticias.com\/wp-content\/uploads\/2022\/09\/somos-olavarria-vecinalistas00.jpg?fit=800%2C445&ssl=1","jetpack_sharing_enabled":true,"_links":{"self":[{"href":"https:\/\/cdnoticias.com\/index.php\/wp-json\/wp\/v2\/posts\/64082","targetHints":{"allow":["GET"]}}],"collection":[{"href":"https:\/\/cdnoticias.com\/index.php\/wp-json\/wp\/v2\/posts"}],"about":[{"href":"https:\/\/cdnoticias.com\/index.php\/wp-json\/wp\/v2\/types\/post"}],"author":[{"embeddable":true,"href":"https:\/\/cdnoticias.com\/index.php\/wp-json\/wp\/v2\/users\/4"}],"replies":[{"embeddable":true,"href":"https:\/\/cdnoticias.com\/index.php\/wp-json\/wp\/v2\/comments?post=64082"}],"version-history":[{"count":0,"href":"https:\/\/cdnoticias.com\/index.php\/wp-json\/wp\/v2\/posts\/64082\/revisions"}],"wp:featuredmedia":[{"embeddable":true,"href":"https:\/\/cdnoticias.com\/index.php\/wp-json\/wp\/v2\/media\/64084"}],"wp:attachment":[{"href":"https:\/\/cdnoticias.com\/index.php\/wp-json\/wp\/v2\/media?parent=64082"}],"wp:term":[{"taxonomy":"category","embeddable":true,"href":"https:\/\/cdnoticias.com\/index.php\/wp-json\/wp\/v2\/categories?post=64082"},{"taxonomy":"post_tag","embeddable":true,"href":"https:\/\/cdnoticias.com\/index.php\/wp-json\/wp\/v2\/tags?post=64082"}],"curies":[{"name":"wp","href":"https:\/\/api.w.org\/{rel}","templated":true}]}}