{"id":64052,"date":"2022-09-04T09:56:07","date_gmt":"2022-09-04T12:56:07","guid":{"rendered":"https:\/\/www.centraldenoticias.com.ar\/?p=64052"},"modified":"2022-09-04T14:46:25","modified_gmt":"2022-09-04T17:46:25","slug":"galli-en-momentos-de-crisis-el-industrial-olavarriense-invierte-mucho","status":"publish","type":"post","link":"https:\/\/cdnoticias.com\/index.php\/2022\/09\/04\/galli-en-momentos-de-crisis-el-industrial-olavarriense-invierte-mucho\/","title":{"rendered":"Galli: \u201cEn momentos de crisis el industrial olavarriense invierte mucho\u201d"},"content":{"rendered":"<p>As\u00ed lo expres\u00f3 el Intendente en el marco de la Cena del D\u00eda del Industria. Desde la Uni\u00f3n Industrial y el PIO destacaron la asistencia al evento y el crecimiento del sector.<!--more--><\/p>\n<hr \/>\n<p>La 23\u00b0 edici\u00f3n de la <strong>Cena del D\u00eda de la Industria<\/strong> se llev\u00f3 a cabo el s\u00e1bado en el Centro de Exposiciones Municipal de Olavarr\u00eda (CEMO). Desde la organizaci\u00f3n resaltaron la asistencia y la necesidad de \u201cvolver a reunirnos\u201d tras dos a\u00f1os de suspensi\u00f3n por la pandemia del coronavirus.<\/p>\n<p>&nbsp;<\/p>\n<p>En ese sentido, el <strong>intendente Ezequiel Galli<\/strong> se mostr\u00f3 \u201csorprendido\u201d por la cantidad de gente que se sum\u00f3 en esta edici\u00f3n: \u201csuponemos que tiene que ver con dos a\u00f1os de suspensi\u00f3n y con volver a vernos la cara en la tradicional cena de la industria. Olavarr\u00eda tiene mucho para celebrar en ese sentido\u201d.<\/p>\n<p>&nbsp;<\/p>\n<blockquote><p>\u201cLa industria en Olavarr\u00eda viene creciendo hace mucho a\u00f1os y nunca hubo una ca\u00edda, eso tiene que ver con la cabeza del empresariado olavarriense que est\u00e1 pensando siempre en crecer, en invertir, en ir para adelante\u201d, destac\u00f3 Galli.<\/p><\/blockquote>\n<p>&nbsp;<\/p>\n<p>De esta forma, mencion\u00f3 que \u201c<strong>en el Sector Industrial Planificado Los Fresnos hemos vendido m\u00e1s de 20 lotes.<\/strong> La primera nave ya est\u00e1 en construcci\u00f3n\u201d y agreg\u00f3: \u201cadmiro al empresario que en plena crisis est\u00e1 invirtiendo, est\u00e1 pensando en crear puestos de trabajo genuinos. En momentos de crisis el industrial olavarriense invierte mucho\u201d.<\/p>\n<p>&nbsp;<\/p>\n<p><img data-recalc-dims=\"1\" loading=\"lazy\" decoding=\"async\" class=\"aligncenter size-full wp-image-64054\" src=\"https:\/\/i0.wp.com\/cdnoticias.com\/wp-content\/uploads\/2022\/09\/longo-sobarzo-cena-industria.jpg?resize=800%2C533&#038;ssl=1\" alt=\"\" width=\"800\" height=\"533\" srcset=\"https:\/\/i0.wp.com\/cdnoticias.com\/wp-content\/uploads\/2022\/09\/longo-sobarzo-cena-industria.jpg?w=1536&amp;ssl=1 1536w, https:\/\/i0.wp.com\/cdnoticias.com\/wp-content\/uploads\/2022\/09\/longo-sobarzo-cena-industria.jpg?resize=300%2C200&amp;ssl=1 300w, https:\/\/i0.wp.com\/cdnoticias.com\/wp-content\/uploads\/2022\/09\/longo-sobarzo-cena-industria.jpg?resize=1024%2C683&amp;ssl=1 1024w, https:\/\/i0.wp.com\/cdnoticias.com\/wp-content\/uploads\/2022\/09\/longo-sobarzo-cena-industria.jpg?resize=768%2C512&amp;ssl=1 768w, https:\/\/i0.wp.com\/cdnoticias.com\/wp-content\/uploads\/2022\/09\/longo-sobarzo-cena-industria.jpg?resize=272%2C182&amp;ssl=1 272w\" sizes=\"auto, (max-width: 800px) 100vw, 800px\" \/><\/p>\n<p>&nbsp;<\/p>\n<p>Por su parte, el<strong> presidente de la Uni\u00f3n Industrial Olavarr\u00eda (UIO) C\u00e9sar Longo<\/strong> reconoci\u00f3 que \u201cquedaron muchas empresas afuera y ojal\u00e1 el pr\u00f3ximo a\u00f1o se pueda hacer m\u00e1s grande porque se superaron todas las expectativas\u201d.<\/p>\n<p>&nbsp;<\/p>\n<p>En tanto, el <strong>presidente del PIO Jorge Sobarzo<\/strong> indic\u00f3 que \u201ces la fiesta m\u00e1s masiva que tenemos los industriales. Hace dos a\u00f1os que no se hace y esto es referencia de lo que viene creciendo la ciudad\u201d.<\/p>\n<p>&nbsp;<\/p>\n<p>En ese sentido, resalt\u00f3 que <strong>\u201cen el Parque Industrial tenemos alrededor de 110 empresas con 3.500 puestos de trabajo aproximadamente\u201d<\/strong> y \u201cen Los Fresnos se est\u00e1 radicando gente que ya est\u00e1 instalada en el resto de los parques industriales, o gente que si bien no est\u00e1 en otro parque, est\u00e1 asociada a la Uni\u00f3n Industrial. Tenemos un contacto muy fluido\u201d.<\/p>\n<p>&nbsp;<\/p>\n<p><em>Fotos: En L\u00ednea Noticias.\u00a0<\/em><\/p>\n","protected":false},"excerpt":{"rendered":"<p>As\u00ed lo expres\u00f3 el Intendente en el marco de la Cena del D\u00eda del Industria. Desde la Uni\u00f3n Industrial y<\/p>\n","protected":false},"author":5,"featured_media":64053,"comment_status":"closed","ping_status":"closed","sticky":false,"template":"","format":"standard","meta":{"_jetpack_memberships_contains_paid_content":false,"footnotes":""},"categories":[5,1],"tags":[],"class_list":["post-64052","post","type-post","status-publish","format-standard","has-post-thumbnail","hentry","category-informacion-general","category-portada"],"jetpack_featured_media_url":"https:\/\/i0.wp.com\/cdnoticias.com\/wp-content\/uploads\/2022\/09\/galli-cena-industria.jpg?fit=1536%2C1024&ssl=1","jetpack_sharing_enabled":true,"_links":{"self":[{"href":"https:\/\/cdnoticias.com\/index.php\/wp-json\/wp\/v2\/posts\/64052","targetHints":{"allow":["GET"]}}],"collection":[{"href":"https:\/\/cdnoticias.com\/index.php\/wp-json\/wp\/v2\/posts"}],"about":[{"href":"https:\/\/cdnoticias.com\/index.php\/wp-json\/wp\/v2\/types\/post"}],"author":[{"embeddable":true,"href":"https:\/\/cdnoticias.com\/index.php\/wp-json\/wp\/v2\/users\/5"}],"replies":[{"embeddable":true,"href":"https:\/\/cdnoticias.com\/index.php\/wp-json\/wp\/v2\/comments?post=64052"}],"version-history":[{"count":0,"href":"https:\/\/cdnoticias.com\/index.php\/wp-json\/wp\/v2\/posts\/64052\/revisions"}],"wp:featuredmedia":[{"embeddable":true,"href":"https:\/\/cdnoticias.com\/index.php\/wp-json\/wp\/v2\/media\/64053"}],"wp:attachment":[{"href":"https:\/\/cdnoticias.com\/index.php\/wp-json\/wp\/v2\/media?parent=64052"}],"wp:term":[{"taxonomy":"category","embeddable":true,"href":"https:\/\/cdnoticias.com\/index.php\/wp-json\/wp\/v2\/categories?post=64052"},{"taxonomy":"post_tag","embeddable":true,"href":"https:\/\/cdnoticias.com\/index.php\/wp-json\/wp\/v2\/tags?post=64052"}],"curies":[{"name":"wp","href":"https:\/\/api.w.org\/{rel}","templated":true}]}}