{"id":64030,"date":"2022-09-03T17:23:58","date_gmt":"2022-09-03T20:23:58","guid":{"rendered":"https:\/\/www.centraldenoticias.com.ar\/?p=64030"},"modified":"2022-09-03T17:23:58","modified_gmt":"2022-09-03T20:23:58","slug":"diputados-voto-por-amplia-mayoria-un-texto-de-repudio-al-atentado-contra-la-vicepresidenta","status":"publish","type":"post","link":"https:\/\/cdnoticias.com\/index.php\/2022\/09\/03\/diputados-voto-por-amplia-mayoria-un-texto-de-repudio-al-atentado-contra-la-vicepresidenta\/","title":{"rendered":"Diputados vot\u00f3 por amplia mayor\u00eda un texto de repudio al atentado contra la vicepresidenta"},"content":{"rendered":"<p>La declaraci\u00f3n fue consensuada con la mayor\u00eda de los bloques parlamentarios. La oposici\u00f3n hab\u00eda cuestionado la menci\u00f3n al \u201cdiscurso de odio\u201d.<!--more--><\/p>\n<hr \/>\n<p>La C\u00e1mara de Diputados aprob\u00f3 por amplia mayor\u00eda un texto de repudio al ataque a la vicepresidenta Cristina Fern\u00e1ndez de Kirchner y en el que exigi\u00f3 el esclarecimiento del hecho, que fue consensuado con la mayor\u00eda de los bloques parlamentarios,<strong> luego de que el oficialismo aceptara modificar el texto para eliminar la menci\u00f3n al \u201cdiscurso del odio\u201d.<\/strong><\/p>\n<p>&nbsp;<\/p>\n<p>Por su parte, el <strong>bloque de diputados del PRO<\/strong> vot\u00f3 la resoluci\u00f3n e inmediatamente despu\u00e9s se retir\u00f3 por entender que \u201cno es la calle ni el recinto el lugar para determinar los culpables de un delito\u201d. \u201cEn nombre del bloque del frente del PRO, junto al resto de las fuerzas pol\u00edticas, hemos acordado un texto com\u00fan de repudio a los graves sucesos ocurridos con el ataque e intento de magnicidio a la vicepresidenta de la Naci\u00f3n. Es por ello que luego de votar la resoluci\u00f3n, y habi\u00e9ndose cumplido el motivo de la convocatoria, nos retiraremos del recinto\u201d, explic\u00f3 el titular del bloque, <strong>Cristian Ritondo<\/strong> ante de retirarse.<\/p>\n<p>&nbsp;<\/p>\n<p>\u201cNo queremos que este hecho grav\u00edsimo sea utilizado con el objetivo de generar m\u00e1s divisi\u00f3n, asignar culpables y mucho menos convertirse en una tribuna para atacar a la oposici\u00f3n pol\u00edtica, poder judicial y los medios de comunicaci\u00f3n, como lamentablemente vinimos escuchando en las \u00faltimas horas. Esperamos que este discurso no se replique de ahora en adelante\u201d, complet\u00f3, al anticipar los argumentos que minutos despu\u00e9s expresara en una conferencia de prensa desarrollada en el Sal\u00f3n de los Pasos Perdidos.<\/p>\n<p>&nbsp;<\/p>\n<p>En tanto, el <strong>Frente de Izquierda se abstuvo de votar el texto<\/strong>, por no estar de acuerdo con los cambios introducidos a \u00faltimo momento durante la reuni\u00f3n de Labor Parlamentaria.<\/p>\n<p>&nbsp;<\/p>\n<p><b>La declaraci\u00f3n<\/b><\/p>\n<p>&nbsp;<\/p>\n<p>El texto de condena al intento de magnicidio contra la vicepresidenta Cristina Fern\u00e1ndez de Kirchner aprobado en la C\u00e1mara baja, y que fue modificado para que la oposici\u00f3n bajara al recinto, comienza: \u201cLa Honorable C\u00e1mara de Diputados de la Naci\u00f3n expresa su en\u00e9rgico repudio al intento de magnicidio contra la vicepresidenta y dos veces presidenta de la Naci\u00f3n Doctora Cristina Fern\u00e1ndez de Kirchner\u201d.<\/p>\n<p>&nbsp;<\/p>\n<p>\u201cAdem\u00e1s, manifestamos nuestra absoluta solidaridad con la Se\u00f1ora Vicepresidenta y su familia\u201d, contin\u00faa.<\/p>\n<p>&nbsp;<\/p>\n<p>Afirma que \u201cexigimos el pronto y completo esclarecimiento y condena a los responsables de este hecho lamentable, que empa\u00f1a la vida en democracia\u201d. Y finaliza:<strong> \u201cExhortamos a la dirigencia toda y a la poblaci\u00f3n a buscar todos los caminos que conduzcan a la paz social\u201d.<\/strong><\/p>\n<p>&nbsp;<\/p>\n<p>A \u00faltimo momento, se cambi\u00f3 en el texto una referencia a los \u201cdiscursos del odio\u201d que quer\u00eda introducir el oficialismo, y era rechazado por JxC.<\/p>\n<p>&nbsp;<\/p>\n<p><em>Fuente: DIB<\/em><\/p>\n","protected":false},"excerpt":{"rendered":"<p>La declaraci\u00f3n fue consensuada con la mayor\u00eda de los bloques parlamentarios. La oposici\u00f3n hab\u00eda cuestionado la menci\u00f3n al \u201cdiscurso de<\/p>\n","protected":false},"author":5,"featured_media":64031,"comment_status":"closed","ping_status":"closed","sticky":false,"template":"","format":"standard","meta":{"_jetpack_memberships_contains_paid_content":false,"footnotes":""},"categories":[6,1],"tags":[],"class_list":["post-64030","post","type-post","status-publish","format-standard","has-post-thumbnail","hentry","category-nacionales","category-portada"],"jetpack_featured_media_url":"https:\/\/i0.wp.com\/cdnoticias.com\/wp-content\/uploads\/2022\/09\/camara-diputados.jpg?fit=1068%2C712&ssl=1","jetpack_sharing_enabled":true,"_links":{"self":[{"href":"https:\/\/cdnoticias.com\/index.php\/wp-json\/wp\/v2\/posts\/64030","targetHints":{"allow":["GET"]}}],"collection":[{"href":"https:\/\/cdnoticias.com\/index.php\/wp-json\/wp\/v2\/posts"}],"about":[{"href":"https:\/\/cdnoticias.com\/index.php\/wp-json\/wp\/v2\/types\/post"}],"author":[{"embeddable":true,"href":"https:\/\/cdnoticias.com\/index.php\/wp-json\/wp\/v2\/users\/5"}],"replies":[{"embeddable":true,"href":"https:\/\/cdnoticias.com\/index.php\/wp-json\/wp\/v2\/comments?post=64030"}],"version-history":[{"count":0,"href":"https:\/\/cdnoticias.com\/index.php\/wp-json\/wp\/v2\/posts\/64030\/revisions"}],"wp:featuredmedia":[{"embeddable":true,"href":"https:\/\/cdnoticias.com\/index.php\/wp-json\/wp\/v2\/media\/64031"}],"wp:attachment":[{"href":"https:\/\/cdnoticias.com\/index.php\/wp-json\/wp\/v2\/media?parent=64030"}],"wp:term":[{"taxonomy":"category","embeddable":true,"href":"https:\/\/cdnoticias.com\/index.php\/wp-json\/wp\/v2\/categories?post=64030"},{"taxonomy":"post_tag","embeddable":true,"href":"https:\/\/cdnoticias.com\/index.php\/wp-json\/wp\/v2\/tags?post=64030"}],"curies":[{"name":"wp","href":"https:\/\/api.w.org\/{rel}","templated":true}]}}