{"id":64028,"date":"2022-09-03T16:16:29","date_gmt":"2022-09-03T19:16:29","guid":{"rendered":"https:\/\/www.centraldenoticias.com.ar\/?p=64028"},"modified":"2022-09-03T19:10:32","modified_gmt":"2022-09-03T22:10:32","slug":"por-segunda-vez-en-el-ano-llegara-sabores-del-mundo-a-olavarria","status":"publish","type":"post","link":"https:\/\/cdnoticias.com\/index.php\/2022\/09\/03\/por-segunda-vez-en-el-ano-llegara-sabores-del-mundo-a-olavarria\/","title":{"rendered":"Por segunda vez en el a\u00f1o llegar\u00e1 \u201cSabores del Mundo\u201d a Olavarr\u00eda"},"content":{"rendered":"<p>Ser\u00e1 durante el fin de semana del 16 al 18 de septiembre en las afueras del Centro Cultural San Jos\u00e9. Habr\u00e1 m\u00e1s de 30 stands de comida tradicional. <!--more--><\/p>\n<hr \/>\n<p>Nuevamente<strong> llega la Feria Itinerante Sabores del Mundo a Olavarr\u00eda y ser\u00e1 durante el fin de semana del 16 al 18 de septiembre en inmediaciones del Centro Cultural San Jos\u00e9.<\/strong><\/p>\n<p>&nbsp;<\/p>\n<p>Esta feria itinerante de comidas t\u00edpicas del mundo y artesanos -integrada por emprendedores- tiene por objeto <em>\u201cla difusi\u00f3n cultural a trav\u00e9s de las artesan\u00edas, los productos regionales de nuestro pa\u00eds y la cocina t\u00edpica aut\u00f3ctona y del mundo, a partir de muestras itinerantes de primer nivel\u201d.<\/em><\/p>\n<p>&nbsp;<\/p>\n<blockquote><p>Contar\u00e1 con m\u00e1s 30 stands de cocina tradicional, 150 stands de artesanos y juegos infantiles y de recreaci\u00f3n para la familia y artistas locales.<\/p><\/blockquote>\n<p>&nbsp;<\/p>\n<p><strong>Los puestos se habilitar\u00e1n desde las 11:00 hasta las 23:00 horas<\/strong>, con una variedad de comidas t\u00edpicas de diferentes pa\u00edses y provincias, as\u00ed como alimentos, conservas, quesos, fiambres y bebidas de primera calidad, a precios accesibles. Adem\u00e1s habr\u00e1 jugos, licuados y cervezas artesanales, como as\u00ed tambi\u00e9n deleites dulces.<strong> Contar\u00e1 con distintos espect\u00e1culos en el escenario central.<\/strong><\/p>\n","protected":false},"excerpt":{"rendered":"<p>Ser\u00e1 durante el fin de semana del 16 al 18 de septiembre en las afueras del Centro Cultural San Jos\u00e9.<\/p>\n","protected":false},"author":5,"featured_media":54066,"comment_status":"closed","ping_status":"closed","sticky":false,"template":"","format":"standard","meta":{"_jetpack_memberships_contains_paid_content":false,"footnotes":""},"categories":[9,1],"tags":[],"class_list":["post-64028","post","type-post","status-publish","format-standard","has-post-thumbnail","hentry","category-cultura","category-portada"],"jetpack_featured_media_url":"https:\/\/i0.wp.com\/cdnoticias.com\/wp-content\/uploads\/2022\/05\/sabores-del-mundo-0.jpg?fit=1536%2C1024&ssl=1","jetpack_sharing_enabled":true,"_links":{"self":[{"href":"https:\/\/cdnoticias.com\/index.php\/wp-json\/wp\/v2\/posts\/64028","targetHints":{"allow":["GET"]}}],"collection":[{"href":"https:\/\/cdnoticias.com\/index.php\/wp-json\/wp\/v2\/posts"}],"about":[{"href":"https:\/\/cdnoticias.com\/index.php\/wp-json\/wp\/v2\/types\/post"}],"author":[{"embeddable":true,"href":"https:\/\/cdnoticias.com\/index.php\/wp-json\/wp\/v2\/users\/5"}],"replies":[{"embeddable":true,"href":"https:\/\/cdnoticias.com\/index.php\/wp-json\/wp\/v2\/comments?post=64028"}],"version-history":[{"count":0,"href":"https:\/\/cdnoticias.com\/index.php\/wp-json\/wp\/v2\/posts\/64028\/revisions"}],"wp:featuredmedia":[{"embeddable":true,"href":"https:\/\/cdnoticias.com\/index.php\/wp-json\/wp\/v2\/media\/54066"}],"wp:attachment":[{"href":"https:\/\/cdnoticias.com\/index.php\/wp-json\/wp\/v2\/media?parent=64028"}],"wp:term":[{"taxonomy":"category","embeddable":true,"href":"https:\/\/cdnoticias.com\/index.php\/wp-json\/wp\/v2\/categories?post=64028"},{"taxonomy":"post_tag","embeddable":true,"href":"https:\/\/cdnoticias.com\/index.php\/wp-json\/wp\/v2\/tags?post=64028"}],"curies":[{"name":"wp","href":"https:\/\/api.w.org\/{rel}","templated":true}]}}