{"id":64026,"date":"2022-09-03T16:02:29","date_gmt":"2022-09-03T19:02:29","guid":{"rendered":"https:\/\/www.centraldenoticias.com.ar\/?p=64026"},"modified":"2022-09-03T16:02:29","modified_gmt":"2022-09-03T19:02:29","slug":"nelida-enriqueta-prado-de-lebrero-qepd","status":"publish","type":"post","link":"https:\/\/cdnoticias.com\/index.php\/2022\/09\/03\/nelida-enriqueta-prado-de-lebrero-qepd\/","title":{"rendered":"N\u00e9lida Enriqueta Prado de Lebrero &#8220;Nelly&#8221; (Q.E.P.D.)"},"content":{"rendered":"<p>Falleci\u00f3 en Olavarr\u00eda el 3 de septiembre de 2022 a los 80 a\u00f1os. Su esposo Lorenzo Lebrero; sus hijos Sergio, Diego y Marisa Lebrero; sus hijos pol\u00edticos: Graciela y Luj\u00e1n; sus nietos Alexis, Lola, Isa, Lorenzo y Tob\u00edas; sus hermanos Cristina y Antonia y dem\u00e1s deudos participan su fallecimiento.<\/p>\n<p>&nbsp;<\/p>\n<p>Sus restos ser\u00e1n velados en la sala de Espa\u00f1a 2942 departamento \u201cA\u201d desde las 18:00 horas de este s\u00e1bado e inhumados en el Cementerio Loma de Paz, previo responso en la Capilla Ardiente, este domingo a las 10:30 horas. Servicio adherido a Coopelectric.<\/p>\n<p>&nbsp;<\/p>\n<p>Nacida en Olavarr\u00eda, vecina de barrio UTA, jubilada.<\/p>\n","protected":false},"excerpt":{"rendered":"<p>Falleci\u00f3 en Olavarr\u00eda el 3 de septiembre de 2022 a los 80 a\u00f1os. Su esposo Lorenzo Lebrero; sus hijos Sergio,<\/p>\n","protected":false},"author":5,"featured_media":51544,"comment_status":"closed","ping_status":"closed","sticky":false,"template":"","format":"standard","meta":{"_jetpack_memberships_contains_paid_content":false,"footnotes":""},"categories":[10],"tags":[],"class_list":["post-64026","post","type-post","status-publish","format-standard","has-post-thumbnail","hentry","category-necrologicas"],"jetpack_featured_media_url":"https:\/\/i0.wp.com\/cdnoticias.com\/wp-content\/uploads\/2022\/04\/necrologicas-390-x-240.jpg?fit=390%2C240&ssl=1","jetpack_sharing_enabled":true,"_links":{"self":[{"href":"https:\/\/cdnoticias.com\/index.php\/wp-json\/wp\/v2\/posts\/64026","targetHints":{"allow":["GET"]}}],"collection":[{"href":"https:\/\/cdnoticias.com\/index.php\/wp-json\/wp\/v2\/posts"}],"about":[{"href":"https:\/\/cdnoticias.com\/index.php\/wp-json\/wp\/v2\/types\/post"}],"author":[{"embeddable":true,"href":"https:\/\/cdnoticias.com\/index.php\/wp-json\/wp\/v2\/users\/5"}],"replies":[{"embeddable":true,"href":"https:\/\/cdnoticias.com\/index.php\/wp-json\/wp\/v2\/comments?post=64026"}],"version-history":[{"count":0,"href":"https:\/\/cdnoticias.com\/index.php\/wp-json\/wp\/v2\/posts\/64026\/revisions"}],"wp:featuredmedia":[{"embeddable":true,"href":"https:\/\/cdnoticias.com\/index.php\/wp-json\/wp\/v2\/media\/51544"}],"wp:attachment":[{"href":"https:\/\/cdnoticias.com\/index.php\/wp-json\/wp\/v2\/media?parent=64026"}],"wp:term":[{"taxonomy":"category","embeddable":true,"href":"https:\/\/cdnoticias.com\/index.php\/wp-json\/wp\/v2\/categories?post=64026"},{"taxonomy":"post_tag","embeddable":true,"href":"https:\/\/cdnoticias.com\/index.php\/wp-json\/wp\/v2\/tags?post=64026"}],"curies":[{"name":"wp","href":"https:\/\/api.w.org\/{rel}","templated":true}]}}