{"id":64024,"date":"2022-09-03T15:56:36","date_gmt":"2022-09-03T18:56:36","guid":{"rendered":"https:\/\/www.centraldenoticias.com.ar\/?p=64024"},"modified":"2022-09-03T15:56:36","modified_gmt":"2022-09-03T18:56:36","slug":"justina-gutierrez-vaquero-de-irigoyemborde-tina-q-e-p-d","status":"publish","type":"post","link":"https:\/\/cdnoticias.com\/index.php\/2022\/09\/03\/justina-gutierrez-vaquero-de-irigoyemborde-tina-q-e-p-d\/","title":{"rendered":"Justina Guti\u00e9rrez Vaquero de Irigoyemborde &#8220;Tina&#8221; (Q.E.P.D.)"},"content":{"rendered":"<p>Falleci\u00f3 en Olavarr\u00eda el 3 de septiembre de 2022 a los 80 a\u00f1os. Su esposo H\u00e9ctor Irigoyemborde; sus hijos Mercedes, Jorge, Graciela y Elena; sus hijos pol\u00edticos; sus nietos; sus bisnietos; sus hijos en el afecto Cristina, Daniel, Roberto, Fabian y Susana; sus hijos pol\u00edticos en el afecto; sus nietos y bisnietos en el afecto; su hermana Pilar Guti\u00e9rrez; sus hermanos pol\u00edticos, sus sobrinos y dem\u00e1s deudos participan su fallecimiento.<\/p>\n<p>&nbsp;<\/p>\n<p>Sus restos ser\u00e1n velados en la sala de Espa\u00f1a 2942 departamento \u201cB\u201d hasta las 22:00 y abre a las 07:00 horas del domingo, e inhumados ese mismo d\u00eda en el Cementerio Loma de Paz a las 09:30 horas. Servicio adherido a Coopelectric.<\/p>\n<p>&nbsp;<\/p>\n<p>Nacida en Espa\u00f1a, vecina de barrio Mart\u00edn Fierro, jubilada y pensionada.<\/p>\n","protected":false},"excerpt":{"rendered":"<p>Falleci\u00f3 en Olavarr\u00eda el 3 de septiembre de 2022 a los 80 a\u00f1os. Su esposo H\u00e9ctor Irigoyemborde; sus hijos Mercedes,<\/p>\n","protected":false},"author":5,"featured_media":51544,"comment_status":"closed","ping_status":"closed","sticky":false,"template":"","format":"standard","meta":{"_jetpack_memberships_contains_paid_content":false,"footnotes":""},"categories":[10],"tags":[],"class_list":["post-64024","post","type-post","status-publish","format-standard","has-post-thumbnail","hentry","category-necrologicas"],"jetpack_featured_media_url":"https:\/\/i0.wp.com\/cdnoticias.com\/wp-content\/uploads\/2022\/04\/necrologicas-390-x-240.jpg?fit=390%2C240&ssl=1","jetpack_sharing_enabled":true,"_links":{"self":[{"href":"https:\/\/cdnoticias.com\/index.php\/wp-json\/wp\/v2\/posts\/64024","targetHints":{"allow":["GET"]}}],"collection":[{"href":"https:\/\/cdnoticias.com\/index.php\/wp-json\/wp\/v2\/posts"}],"about":[{"href":"https:\/\/cdnoticias.com\/index.php\/wp-json\/wp\/v2\/types\/post"}],"author":[{"embeddable":true,"href":"https:\/\/cdnoticias.com\/index.php\/wp-json\/wp\/v2\/users\/5"}],"replies":[{"embeddable":true,"href":"https:\/\/cdnoticias.com\/index.php\/wp-json\/wp\/v2\/comments?post=64024"}],"version-history":[{"count":0,"href":"https:\/\/cdnoticias.com\/index.php\/wp-json\/wp\/v2\/posts\/64024\/revisions"}],"wp:featuredmedia":[{"embeddable":true,"href":"https:\/\/cdnoticias.com\/index.php\/wp-json\/wp\/v2\/media\/51544"}],"wp:attachment":[{"href":"https:\/\/cdnoticias.com\/index.php\/wp-json\/wp\/v2\/media?parent=64024"}],"wp:term":[{"taxonomy":"category","embeddable":true,"href":"https:\/\/cdnoticias.com\/index.php\/wp-json\/wp\/v2\/categories?post=64024"},{"taxonomy":"post_tag","embeddable":true,"href":"https:\/\/cdnoticias.com\/index.php\/wp-json\/wp\/v2\/tags?post=64024"}],"curies":[{"name":"wp","href":"https:\/\/api.w.org\/{rel}","templated":true}]}}