{"id":64008,"date":"2022-09-03T08:25:17","date_gmt":"2022-09-03T11:25:17","guid":{"rendered":"https:\/\/www.centraldenoticias.com.ar\/?p=64008"},"modified":"2022-09-03T11:36:11","modified_gmt":"2022-09-03T14:36:11","slug":"diputados-sesionara-este-sabado-para-repudiar-el-ataque-contra-la-vicepresidenta","status":"publish","type":"post","link":"https:\/\/cdnoticias.com\/index.php\/2022\/09\/03\/diputados-sesionara-este-sabado-para-repudiar-el-ataque-contra-la-vicepresidenta\/","title":{"rendered":"Diputados sesionar\u00e1 este s\u00e1bado para repudiar el ataque contra la Vicepresidenta"},"content":{"rendered":"<p>Desde JxC buscar\u00e1n negociar con el FdT el \u201ctono\u201d de la sesi\u00f3n y el texto de condena que se aprobar\u00e1.<!--more--><\/p>\n<hr \/>\n<p>La C\u00e1mara de Diputados realizar\u00e1 este s\u00e1bado al mediod\u00eda una <strong>sesi\u00f3n especial para repudiar el ataque sufrido por la vicepresidenta Cristina Fern\u00e1ndez de Kirchner<\/strong> y exigir &#8220;una pronta investigaci\u00f3n y condena a los responsables&#8221;, en un plenario al que los integrantes de Juntos por el Cambio (JxC) y otros espacios opositores a\u00fan no definieron si asistir\u00e1n.<\/p>\n<p>&nbsp;<\/p>\n<p>La decisi\u00f3n de convocar a una sesi\u00f3n especial pedida por el Frente de Todos (FdT) fue oficializada, minutos despu\u00e9s de que finalizara la reuni\u00f3n de gabinete en Casa Rosada, de la que participaron la presidenta de la C\u00e1mara baja, Cecilia Moreau, y el jefe del bloque de diputados del oficialismo, Germ\u00e1n Mart\u00ednez.<\/p>\n<p>&nbsp;<\/p>\n<blockquote><p>La sesi\u00f3n especial se realizar\u00e1 al mediod\u00eda, luego de la reuni\u00f3n de presidentes de bloque mantendr\u00e1n en la comisi\u00f3n de Labor Parlamentaria, donde las bancadas opositoras terminar\u00e1n de definir si asisten o no al recinto de sesiones.<\/p><\/blockquote>\n<p>&nbsp;<\/p>\n<p>Una de las dudas que expresan los diputados de la oposici\u00f3n tiene que ver con el proyecto de resoluci\u00f3n que el FdT pretende votar en la sesi\u00f3n, presentado por la propia Moreau, en el cual se <strong>reclama un fuerte repudio al atentado sufrido ayer por la Vicepresidenta.<\/strong><\/p>\n<p>&nbsp;<\/p>\n<p><strong>Las posturas<\/strong><\/p>\n<p>&nbsp;<\/p>\n<p>La iniciativa exhorta <strong>&#8220;a toda la dirigencia pol\u00edtica, sindical, empresarial y a la sociedad a condenar el atentado perpetrado y a la responsabilidad y compromiso de erradicar la violencia pol\u00edtica y los discursos de odio en nuestro pa\u00eds&#8221;.<\/strong><\/p>\n<p>&nbsp;<\/p>\n<p>Tras mantener reuniones de cada uno de los bloques y del interbloque en general, desde JxC se\u00f1alaron a la prensa que <strong>buscar\u00e1n previamente encarar una negociaci\u00f3n con el FdT sobre el &#8220;tono&#8221; de la sesi\u00f3n y el texto de condena<\/strong> que se aprobar\u00e1 en el pleno del cuerpo legislativo, informaron fuentes de la coalici\u00f3n opositora.<\/p>\n<p>&nbsp;<\/p>\n<p>Las autoridades del JXC mantuvieron la tarde del viernes una reuni\u00f3n a trav\u00e9s de un zoom donde consensuaron continuar con una ronda de negociaciones con el oficialismo previo a la reuni\u00f3n de Labor Parlamentaria citada para las 11, donde plantear\u00e1n que<strong> quiere evitar que la sesi\u00f3n se convierta en un cruce de acusaciones, agregaron las fuentes de la coalici\u00f3n opositora.<\/strong><\/p>\n<p>&nbsp;<\/p>\n<p>Una situaci\u00f3n parecida sostiene el<strong> interbloque Federal<\/strong>, tercer espacio de la C\u00e1mara que aglutina a peronistas bonaerenses como Graciela Cama\u00f1o, Florencio Randazzo y Alejandro &#8216;Topo&#8217; Rodr\u00edguez, socialistas santafesinos y referentes del gobierno de C\u00f3rdoba. Desde ese sector cuestionan que la convocatoria a sesionar haya incluido s\u00f3lo las firmas del oficialismo y que el proyecto que se piensa votar no fuera puesto a consideraci\u00f3n de todos los bloques para afinar su redacci\u00f3n.<\/p>\n<p>&nbsp;<\/p>\n<p>El que s\u00ed confirm\u00f3 su presencia es el <strong>interbloque Provincias Unidas<\/strong>, compuesto por cuatro representantes de los gobiernos provinciales de Rio Negro y de Misiones, habituales aliados del oficialismo en los debates parlamentarios.<\/p>\n<p>&nbsp;<\/p>\n<p>Adem\u00e1s, la bancada de la <strong>Izquierda<\/strong> anticip\u00f3 que dar\u00eda el presente y los dos bloques libertarios a\u00fan no definieron sus posturas.<\/p>\n<p>&nbsp;<\/p>\n<p><em>Fuente: T\u00e9lam.\u00a0<\/em><\/p>\n","protected":false},"excerpt":{"rendered":"<p>Desde JxC buscar\u00e1n negociar con el FdT el \u201ctono\u201d de la sesi\u00f3n y el texto de condena que se aprobar\u00e1.<\/p>\n","protected":false},"author":5,"featured_media":64009,"comment_status":"closed","ping_status":"closed","sticky":false,"template":"","format":"standard","meta":{"_jetpack_memberships_contains_paid_content":false,"footnotes":""},"categories":[6,1],"tags":[],"class_list":["post-64008","post","type-post","status-publish","format-standard","has-post-thumbnail","hentry","category-nacionales","category-portada"],"jetpack_featured_media_url":"https:\/\/i0.wp.com\/cdnoticias.com\/wp-content\/uploads\/2022\/09\/diputados.jpg?fit=900%2C506&ssl=1","jetpack_sharing_enabled":true,"_links":{"self":[{"href":"https:\/\/cdnoticias.com\/index.php\/wp-json\/wp\/v2\/posts\/64008","targetHints":{"allow":["GET"]}}],"collection":[{"href":"https:\/\/cdnoticias.com\/index.php\/wp-json\/wp\/v2\/posts"}],"about":[{"href":"https:\/\/cdnoticias.com\/index.php\/wp-json\/wp\/v2\/types\/post"}],"author":[{"embeddable":true,"href":"https:\/\/cdnoticias.com\/index.php\/wp-json\/wp\/v2\/users\/5"}],"replies":[{"embeddable":true,"href":"https:\/\/cdnoticias.com\/index.php\/wp-json\/wp\/v2\/comments?post=64008"}],"version-history":[{"count":0,"href":"https:\/\/cdnoticias.com\/index.php\/wp-json\/wp\/v2\/posts\/64008\/revisions"}],"wp:featuredmedia":[{"embeddable":true,"href":"https:\/\/cdnoticias.com\/index.php\/wp-json\/wp\/v2\/media\/64009"}],"wp:attachment":[{"href":"https:\/\/cdnoticias.com\/index.php\/wp-json\/wp\/v2\/media?parent=64008"}],"wp:term":[{"taxonomy":"category","embeddable":true,"href":"https:\/\/cdnoticias.com\/index.php\/wp-json\/wp\/v2\/categories?post=64008"},{"taxonomy":"post_tag","embeddable":true,"href":"https:\/\/cdnoticias.com\/index.php\/wp-json\/wp\/v2\/tags?post=64008"}],"curies":[{"name":"wp","href":"https:\/\/api.w.org\/{rel}","templated":true}]}}