{"id":64003,"date":"2022-09-02T21:22:56","date_gmt":"2022-09-03T00:22:56","guid":{"rendered":"https:\/\/www.centraldenoticias.com.ar\/?p=64003"},"modified":"2022-09-03T08:25:38","modified_gmt":"2022-09-03T11:25:38","slug":"en-una-jornada-historica-la-politica-de-olavarria-se-unio-para-repudiar-el-atentado-a-cristina","status":"publish","type":"post","link":"https:\/\/cdnoticias.com\/index.php\/2022\/09\/02\/en-una-jornada-historica-la-politica-de-olavarria-se-unio-para-repudiar-el-atentado-a-cristina\/","title":{"rendered":"En una jornada hist\u00f3rica, la pol\u00edtica de Olavarr\u00eda se uni\u00f3 para repudiar el atentado a Cristina"},"content":{"rendered":"<p>Desde el Intendente Galli hasta C\u00e9sar Valicenti, el radicalismo e instituciones como la Uni\u00f3n Industrial y Unicen, hubo unanimidad en condenar el intento de asesinato a la vicepresidenta.<!--more--><\/p>\n<hr \/>\n<p>A lo largo de este extra\u00f1o viernes feriado, decenas y decenas de repudios llegaron, como catarata, a condenar el impactante atentado a la vicepresidenta Cristina Fern\u00e1ndez de Kirchner. <strong>A diferencia de lo sucedido a nivel nacional, en Olavarr\u00eda todos los sectores pol\u00edticos condenaron los hechos e hicieron un llamado a la paz.<\/strong><\/p>\n<p>&nbsp;<\/p>\n<p>R\u00e1pidamente, <strong>los referentes pol\u00edticos m\u00e1s relevantes de la ciudad manifestaron su inmediato repudio: tanto C\u00e9sar Valicenti como Federico Aguilera (Frente de Todos)<\/strong> fueron los que se expresaron con dureza tras el delicado hecho que vivi\u00f3 la vicepresidenta. <a href=\"https:\/\/cdnoticias.com\/index.php\/2022\/09\/02\/valicenti-no-hay-argumento-para-quedarse-en-silencio-ante-lo-sucedido\/\" target=\"_blank\" rel=\"noopener\">Valicenti, adem\u00e1s, tuvo un rol m\u00e1s protag\u00f3nico teniendo en cuenta que es el presidente del bloque del Frente de Todos en la legislatura bonaerense.<\/a><\/p>\n<p>&nbsp;<\/p>\n<blockquote class=\"twitter-tweet\">\n<p dir=\"ltr\" lang=\"es\">El atentado a Cristina no es un hecho aislado y merece el posicionamiento concreto de todos los actores de la democracia. Planificadamente desde determiandos sectores pol\u00edticos y medios de comunicaci\u00f3n instalan discursos de odio que atentan contra la paz social. <a href=\"https:\/\/t.co\/n8tiCaGXX3\">pic.twitter.com\/n8tiCaGXX3<\/a><\/p>\n<p>\u2014 Cesar Valicenti (@CesarValicenti) <a href=\"https:\/\/twitter.com\/CesarValicenti\/status\/1565822914905219072?ref_src=twsrc%5Etfw\">September 2, 2022<\/a><\/p><\/blockquote>\n<p><script async src=\"https:\/\/platform.twitter.com\/widgets.js\" charset=\"utf-8\"><\/script><\/p>\n<p>&nbsp;<\/p>\n<p>Cabe se\u00f1alar que decenas de dirigentes, funcionarios y legisladores del Frente de Todos tambi\u00e9n se unieron en el repudio: algunos se trasladaron a Capital Federal, otros se movilizaron en nuestra ciudad.<\/p>\n<p>&nbsp;<\/p>\n<p>En el \u00e1mbito Ejecutivo local, <strong>tanto el Intendente Galli como el secretario de Gobierno Hilario Galli condenaron los hechos, adem\u00e1s de informar r\u00e1pidamente el feriado alcanzado a la comuna<\/strong> y las medidas a tomar por esta jornada de reflexi\u00f3n determinada por el presidente Fern\u00e1ndez. Mismo caso la presidente del Concejo Deliberante, <strong>Cecilia Krivochen.\u00a0<\/strong><\/p>\n<p>&nbsp;<\/p>\n<blockquote class=\"twitter-tweet\">\n<p dir=\"ltr\" lang=\"es\">La violencia nunca es el camino. Solidaridad con la vicepresidenta <a href=\"https:\/\/twitter.com\/CFKArgentina?ref_src=twsrc%5Etfw\">@CFKArgentina<\/a> y repudio absoluto a esta agresi\u00f3n que atenta contra la democracia.<\/p>\n<p>\u2014 Ezequiel Galli (@ezequielgalli) <a href=\"https:\/\/twitter.com\/ezequielgalli\/status\/1565530442559901697?ref_src=twsrc%5Etfw\">September 2, 2022<\/a><\/p><\/blockquote>\n<p><script async src=\"https:\/\/platform.twitter.com\/widgets.js\" charset=\"utf-8\"><\/script><\/p>\n<p>&nbsp;<\/p>\n<p>A lo largo del viernes, en tanto, comenzaron las adhesiones de todo el arco pol\u00edtico local.<strong> Renovaci\u00f3n Peronista \u2013integrado por Germ\u00e1n Aramburu y Alicia Almada- emitieron un comunicado<\/strong> donde destacaron que <em>\u201cen momentos donde la responsabilidad pol\u00edtica y convicci\u00f3n democr\u00e1tica debe Primar en todos los espacios pol\u00edticos abogamos por el Nunca M\u00e1s a la violencia en nuestra Patria\u201d.<\/em><\/p>\n<p>&nbsp;<\/p>\n<p>Se le sumaron<strong> otros espacios como la UCR<\/strong>, con las condenas de Sebasti\u00e1n Matrella, Bel\u00e9n Vergel y Franco Cominotto, y <strong>Celeste Arouxet que en sinton\u00eda por lo realizado por Jos\u00e9 Luis Espert repudiaron el lamentable hecho<\/strong> y pidieron celeridad en el esclarecimiento de los hechos por parte de la Justicia.<\/p>\n<p>&nbsp;<\/p>\n<blockquote class=\"twitter-tweet\">\n<p dir=\"ltr\" lang=\"es\">Repudio totalmente el hecho de violencia ocurrido con la Vicepresidenta. Somos el partido de la paz y la justicia, por esa raz\u00f3n proclamo la primera y exijo la segunda porque todos debemos ser iguales ante la ley<\/p>\n<p>\u2014 Franco Cominotto (@francocominotto) <a href=\"https:\/\/twitter.com\/francocominotto\/status\/1565784954394517504?ref_src=twsrc%5Etfw\">September 2, 2022<\/a><\/p><\/blockquote>\n<p><script async src=\"https:\/\/platform.twitter.com\/widgets.js\" charset=\"utf-8\"><\/script><\/p>\n<p>&nbsp;<\/p>\n<p>El <strong>Concejo Deliberante<\/strong> no abri\u00f3 sus puertas este viernes en adhesi\u00f3n al feriado y, adem\u00e1s, tambi\u00e9n repudiaron los hechos. Puertas para adentro todos los bloques emitieron un comunicado cada uno donde dejaron en claro que el intento de magnicidio tuvo gravedad institucional.<\/p>\n<p>&nbsp;<\/p>\n<p>Por el<strong> Frente Renovador, Eduardo Rodr\u00edguez de Foro Olavarr\u00eda<\/strong> se sum\u00f3 a esta ola de repudios, mientras que <strong>Yessica Almeida del Partido Obrero hizo lo propio tras adherir y replicar dichos de Romina Del Pla,<\/strong> referente de la Izquierda.<\/p>\n<p>&nbsp;<\/p>\n<p>Instituciones como la <strong>Uni\u00f3n Industrial (en el D\u00eda de la Industria), Coopelectric, la Unicen<\/strong> y particularmente la <strong>Facultad de Ciencias Sociales, la Biblioteca Del Otro Lado del \u00c1rbol<\/strong>, entre otras instituciones, tambi\u00e9n se sumaron con palabras propias al repudio al ataque a Cristina.<\/p>\n<p>&nbsp;<\/p>\n<blockquote class=\"twitter-tweet\">\n<p dir=\"ltr\" lang=\"es\">Comunicado de la Uni\u00f3n Industrial de Olavarr\u00eda <a href=\"https:\/\/t.co\/BfYGDrTgCz\">pic.twitter.com\/BfYGDrTgCz<\/a><\/p>\n<p>\u2014 Uni\u00f3n Industrial Olavarr\u00eda (@UIOlavarria) <a href=\"https:\/\/twitter.com\/UIOlavarria\/status\/1565787827480182786?ref_src=twsrc%5Etfw\">September 2, 2022<\/a><\/p><\/blockquote>\n<p><script async src=\"https:\/\/platform.twitter.com\/widgets.js\" charset=\"utf-8\"><\/script><\/p>\n<p>&nbsp;<\/p>\n<p>Finalmente, <strong>el ex Intendente Eseverri<\/strong> (que cit\u00f3 a Sergio Massa),<strong> Ignacio Montoya Carlotto, el Frente Gremial y la Casa del Trabajador<\/strong>, completaron la n\u00f3mina de los m\u00e1s destacados pero no los \u00fanicos, dado que <strong>en Olavarr\u00eda como pocas veces se vio a una dirigencia pol\u00edtica y de decenas de instituciones unida en la condena al intento de asesinato de la vicepresidenta de la Naci\u00f3n<\/strong>, en el hecho m\u00e1s grave desde el regreso a la Democracia en 1983.<\/p>\n","protected":false},"excerpt":{"rendered":"<p>Desde el Intendente Galli hasta C\u00e9sar Valicenti, el radicalismo e instituciones como la Uni\u00f3n Industrial y Unicen, hubo unanimidad en<\/p>\n","protected":false},"author":2,"featured_media":64004,"comment_status":"closed","ping_status":"closed","sticky":false,"template":"","format":"standard","meta":{"_jetpack_memberships_contains_paid_content":false,"footnotes":""},"categories":[4,1],"tags":[],"class_list":["post-64003","post","type-post","status-publish","format-standard","has-post-thumbnail","hentry","category-politica","category-portada"],"jetpack_featured_media_url":"https:\/\/i0.wp.com\/cdnoticias.com\/wp-content\/uploads\/2022\/09\/cfk.jpg?fit=1280%2C720&ssl=1","jetpack_sharing_enabled":true,"_links":{"self":[{"href":"https:\/\/cdnoticias.com\/index.php\/wp-json\/wp\/v2\/posts\/64003","targetHints":{"allow":["GET"]}}],"collection":[{"href":"https:\/\/cdnoticias.com\/index.php\/wp-json\/wp\/v2\/posts"}],"about":[{"href":"https:\/\/cdnoticias.com\/index.php\/wp-json\/wp\/v2\/types\/post"}],"author":[{"embeddable":true,"href":"https:\/\/cdnoticias.com\/index.php\/wp-json\/wp\/v2\/users\/2"}],"replies":[{"embeddable":true,"href":"https:\/\/cdnoticias.com\/index.php\/wp-json\/wp\/v2\/comments?post=64003"}],"version-history":[{"count":0,"href":"https:\/\/cdnoticias.com\/index.php\/wp-json\/wp\/v2\/posts\/64003\/revisions"}],"wp:featuredmedia":[{"embeddable":true,"href":"https:\/\/cdnoticias.com\/index.php\/wp-json\/wp\/v2\/media\/64004"}],"wp:attachment":[{"href":"https:\/\/cdnoticias.com\/index.php\/wp-json\/wp\/v2\/media?parent=64003"}],"wp:term":[{"taxonomy":"category","embeddable":true,"href":"https:\/\/cdnoticias.com\/index.php\/wp-json\/wp\/v2\/categories?post=64003"},{"taxonomy":"post_tag","embeddable":true,"href":"https:\/\/cdnoticias.com\/index.php\/wp-json\/wp\/v2\/tags?post=64003"}],"curies":[{"name":"wp","href":"https:\/\/api.w.org\/{rel}","templated":true}]}}