{"id":63985,"date":"2022-09-02T17:35:18","date_gmt":"2022-09-02T20:35:18","guid":{"rendered":"https:\/\/www.centraldenoticias.com.ar\/?p=63985"},"modified":"2022-09-02T17:35:18","modified_gmt":"2022-09-02T20:35:18","slug":"asumio-un-nuevo-encargado-del-puesto-de-colonia-san-miguel","status":"publish","type":"post","link":"https:\/\/cdnoticias.com\/index.php\/2022\/09\/02\/asumio-un-nuevo-encargado-del-puesto-de-colonia-san-miguel\/","title":{"rendered":"Asumi\u00f3 un nuevo encargado del Puesto de Colonia San Miguel"},"content":{"rendered":"<p>Se trata del Teniente Primero Jos\u00e9 Guti\u00e9rrez. Fue puesto en funciones por la subcomisaria de Sierras Bayas Romina Alonso.<!--more--><\/p>\n<hr \/>\n<p>Este viernes, y por disposiciones de la Polic\u00eda de la Provincia,<strong> la titular de la Subcomisar\u00eda de Sierras Bayas, Romina Alonso, puso en funciones a un nuevo encargado del Puesto policial ubicado en Colonia San Miguel.<\/strong><\/p>\n<p>&nbsp;<\/p>\n<p>Se trata del <strong>Teniente Primero Jos\u00e9 Guti\u00e9rrez, que relevar\u00e1 al Teniente Juan D\u00edaz<\/strong> que seguir\u00e1 en dicho Puesto cumpliendo otras funciones.<\/p>\n<p>&nbsp;<\/p>\n<p>Cabe recordar que <strong>el Puesto de Colonia San Miguel depende de la Subcomisar\u00eda de Sierras Bayas.<\/strong> El acto se realiz\u00f3 en la ma\u00f1ana de este viernes.<\/p>\n","protected":false},"excerpt":{"rendered":"<p>Se trata del Teniente Primero Jos\u00e9 Guti\u00e9rrez. Fue puesto en funciones por la subcomisaria de Sierras Bayas Romina Alonso.<\/p>\n","protected":false},"author":2,"featured_media":63986,"comment_status":"closed","ping_status":"closed","sticky":false,"template":"","format":"standard","meta":{"_jetpack_memberships_contains_paid_content":false,"footnotes":""},"categories":[14,1],"tags":[],"class_list":["post-63985","post","type-post","status-publish","format-standard","has-post-thumbnail","hentry","category-policiales","category-portada"],"jetpack_featured_media_url":"https:\/\/i0.wp.com\/cdnoticias.com\/wp-content\/uploads\/2022\/09\/WhatsApp-Image-2022-09-02-at-14.57.28.jpeg?fit=868%2C520&ssl=1","jetpack_sharing_enabled":true,"_links":{"self":[{"href":"https:\/\/cdnoticias.com\/index.php\/wp-json\/wp\/v2\/posts\/63985","targetHints":{"allow":["GET"]}}],"collection":[{"href":"https:\/\/cdnoticias.com\/index.php\/wp-json\/wp\/v2\/posts"}],"about":[{"href":"https:\/\/cdnoticias.com\/index.php\/wp-json\/wp\/v2\/types\/post"}],"author":[{"embeddable":true,"href":"https:\/\/cdnoticias.com\/index.php\/wp-json\/wp\/v2\/users\/2"}],"replies":[{"embeddable":true,"href":"https:\/\/cdnoticias.com\/index.php\/wp-json\/wp\/v2\/comments?post=63985"}],"version-history":[{"count":0,"href":"https:\/\/cdnoticias.com\/index.php\/wp-json\/wp\/v2\/posts\/63985\/revisions"}],"wp:featuredmedia":[{"embeddable":true,"href":"https:\/\/cdnoticias.com\/index.php\/wp-json\/wp\/v2\/media\/63986"}],"wp:attachment":[{"href":"https:\/\/cdnoticias.com\/index.php\/wp-json\/wp\/v2\/media?parent=63985"}],"wp:term":[{"taxonomy":"category","embeddable":true,"href":"https:\/\/cdnoticias.com\/index.php\/wp-json\/wp\/v2\/categories?post=63985"},{"taxonomy":"post_tag","embeddable":true,"href":"https:\/\/cdnoticias.com\/index.php\/wp-json\/wp\/v2\/tags?post=63985"}],"curies":[{"name":"wp","href":"https:\/\/api.w.org\/{rel}","templated":true}]}}