{"id":6395,"date":"2020-11-13T15:18:55","date_gmt":"2020-11-13T18:18:55","guid":{"rendered":"http:\/\/www.centraldenoticias.com.ar\/?p=6395"},"modified":"2020-11-13T15:18:55","modified_gmt":"2020-11-13T18:18:55","slug":"hcd-reconocieron-el-trabajo-de-estudiantes-y-docentes-en-el-concurso-futuro-malvinas","status":"publish","type":"post","link":"https:\/\/cdnoticias.com\/index.php\/2020\/11\/13\/hcd-reconocieron-el-trabajo-de-estudiantes-y-docentes-en-el-concurso-futuro-malvinas\/","title":{"rendered":"HCD: reconocieron el trabajo de estudiantes y docentes en el concurso \u201cFuturo Malvinas\u201d"},"content":{"rendered":"<p>La concejala Alicia Almada impuls\u00f3 un benepl\u00e1cito reconociendo a los participantes de la propuesta impulsada por la Subsecretar\u00eda de Derechos Humanos de la Provincia.<!--more--><\/p>\n<hr \/>\n<p>En la \u00faltima sesi\u00f3n ordinaria del HCD<strong>, se aprob\u00f3 por unanimidad el proyecto de Resoluci\u00f3n que le da reconocimiento a e estudiantes y docentes de nuestra ciudad que participaron del concurso denominado \u201cFuturo Malvinas\u201d<\/strong> impulsado por la Subsecretar\u00eda de DDHH de la Pcia. De Buenos Aires y del Centro de Ex Combatientes de la ciudad de La Plata.<\/p>\n<p>&nbsp;<\/p>\n<blockquote><p>\u201cM\u00e1s all\u00e1 de cumplir con la curricula obligatoria se dan el lujo de embarcarse en proyectos como estos\u201d refiri\u00f3 la concejala del Frente de Todos, Alicia Almada, al valorar el trabajo educativo en nuestra localidad.<\/p><\/blockquote>\n<p>&nbsp;<\/p>\n<p>Destac\u00f3, en este sentido, <strong>la predisposici\u00f3n de docentes y alumnos quienes trabajaron bajo la modalidad virtual<\/strong>, demostrando <em>\u201cel compromiso con la educaci\u00f3n y la formaci\u00f3n en Derechos Humanos\u201d.<\/em><\/p>\n<p>&nbsp;<\/p>\n<p><em>\u201cMuchos colegios participaron y eso habla muy bien de nuestros profesores y nuestros estudiantes y habla muy bien de nuestro gobierno que m\u00e1s all\u00e1 de reclamar la soberan\u00eda hace estas cosas peque\u00f1as y gigantes que es hablar del tema Malvinas. Es hablar de soberan\u00eda y hacerles entender a los estudiantes que la soberan\u00eda no solamente la vemos en el mapa con el mar continental o una bandera flameando, la soberan\u00eda se hace a trav\u00e9s de muchos peque\u00f1os actos cotidianos\u201d.<\/em><\/p>\n<p>&nbsp;<\/p>\n<p>Las instituciones que resultaron ganadoras fueron: <strong>Escuela Secundaria N\u00b01; Colegio Fray Mamerto Esqui\u00fa y el Colegio Ntra. Se\u00f1ora del Rosario<\/strong>, quienes se sumaron a otras instituciones y fueron acompa\u00f1adas en el desarrollo de los trabajos que concursaron por la Delegada local en Derechos Humanos, Licenciada Griselda Lemi\u00e9z.<\/p>\n","protected":false},"excerpt":{"rendered":"<p>La concejala Alicia Almada impuls\u00f3 un benepl\u00e1cito reconociendo a los participantes de la propuesta impulsada por la Subsecretar\u00eda de Derechos<\/p>\n","protected":false},"author":2,"featured_media":6396,"comment_status":"closed","ping_status":"closed","sticky":false,"template":"","format":"standard","meta":{"_jetpack_memberships_contains_paid_content":false,"footnotes":""},"categories":[4,1],"tags":[],"class_list":["post-6395","post","type-post","status-publish","format-standard","has-post-thumbnail","hentry","category-politica","category-portada"],"jetpack_featured_media_url":"https:\/\/i0.wp.com\/cdnoticias.com\/wp-content\/uploads\/2020\/11\/Alicia-Almada.jpg?fit=720%2C444&ssl=1","jetpack_sharing_enabled":true,"_links":{"self":[{"href":"https:\/\/cdnoticias.com\/index.php\/wp-json\/wp\/v2\/posts\/6395","targetHints":{"allow":["GET"]}}],"collection":[{"href":"https:\/\/cdnoticias.com\/index.php\/wp-json\/wp\/v2\/posts"}],"about":[{"href":"https:\/\/cdnoticias.com\/index.php\/wp-json\/wp\/v2\/types\/post"}],"author":[{"embeddable":true,"href":"https:\/\/cdnoticias.com\/index.php\/wp-json\/wp\/v2\/users\/2"}],"replies":[{"embeddable":true,"href":"https:\/\/cdnoticias.com\/index.php\/wp-json\/wp\/v2\/comments?post=6395"}],"version-history":[{"count":0,"href":"https:\/\/cdnoticias.com\/index.php\/wp-json\/wp\/v2\/posts\/6395\/revisions"}],"wp:featuredmedia":[{"embeddable":true,"href":"https:\/\/cdnoticias.com\/index.php\/wp-json\/wp\/v2\/media\/6396"}],"wp:attachment":[{"href":"https:\/\/cdnoticias.com\/index.php\/wp-json\/wp\/v2\/media?parent=6395"}],"wp:term":[{"taxonomy":"category","embeddable":true,"href":"https:\/\/cdnoticias.com\/index.php\/wp-json\/wp\/v2\/categories?post=6395"},{"taxonomy":"post_tag","embeddable":true,"href":"https:\/\/cdnoticias.com\/index.php\/wp-json\/wp\/v2\/tags?post=6395"}],"curies":[{"name":"wp","href":"https:\/\/api.w.org\/{rel}","templated":true}]}}