{"id":6391,"date":"2020-11-13T14:07:17","date_gmt":"2020-11-13T17:07:17","guid":{"rendered":"http:\/\/www.centraldenoticias.com.ar\/?p=6391"},"modified":"2020-11-13T16:52:24","modified_gmt":"2020-11-13T19:52:24","slug":"shows-con-publico-en-el-teatro-el-municipio-analizara-protocolos","status":"publish","type":"post","link":"https:\/\/cdnoticias.com\/index.php\/2020\/11\/13\/shows-con-publico-en-el-teatro-el-municipio-analizara-protocolos\/","title":{"rendered":"\u00bfShows con p\u00fablico en el Teatro? El Municipio analizar\u00e1 protocolos"},"content":{"rendered":"<p>La semana pr\u00f3xima ser\u00e1n enviados por la Provincia. \u201cTenemos muchas ganas de volver a trabajar de manera presencial\u201d indic\u00f3 la subsecretaria de Cultura, Agustina Marino. Aclar\u00f3 que si no es posible, se sostendr\u00e1n las actividades por streaming.<!--more--><\/p>\n<hr \/>\n<p><strong>En territorio bonaerense se propondr\u00e1 el retorno a la presencialidad en salas de teatro durante el verano. En Olavarr\u00eda, se adelant\u00f3 que el Municipio analizar\u00e1 los protocolos que presentar\u00e1 la semana pr\u00f3xima la Gobernaci\u00f3n<\/strong>.<\/p>\n<p>La subsecretaria de Cultura municipal, Agustina Marino, dio a conocer que mantuvo el mi\u00e9rcoles una reuni\u00f3n virtual con el ministro de Producci\u00f3n provincial, Augusto Costa, en la que se dialog\u00f3 sobre el tema.<\/p>\n<p>\u201cNosotros <strong>intentamos ser muy cautelosos y cuidadosos<\/strong> sobre las indicaciones que bajan Naci\u00f3n y Provincia\u201d advirti\u00f3 sobre el retorno del p\u00fablico a la sala teatral.<\/p>\n<p>La funcionaria se expres\u00f3 en la conferencia que brindaron las autoridades para anunciar la <a href=\"https:\/\/cdnoticias.com\/index.php\/2020\/11\/13\/olavarria-cumple-153-anos-y-el-festejo-sera-via-streaming\/\" target=\"_blank\" rel=\"noopener\">fiesta por el 153\u00ba anioversario<\/a>. All\u00ed coment\u00f3 que el mi\u00e9rcoles \u201ctuvimos un zoom con el Ministro (de Producci\u00f3n) Ciencia y Tecnolog\u00eda y Cultura de la Provincia que un poco<strong> indic\u00f3 cu\u00e1l va a ser la metodolog\u00eda de trabajo durante el verano con los teatros<\/strong>\u201d.<\/p>\n<blockquote><p>Tras ello, Marino adelant\u00f3 que \u201cla semana que viene va a haber protocolos que nos van a enviar y van a estar sujetos al an\u00e1lisis de cada Municipio. Nosotros por supuesto tenemos muchas ganas de volver a trabajar de manera presencial, pero entendemos que tenemos que respetar todas las indicaciones que nos mandan\u201d.<\/p><\/blockquote>\n<p>A su vez, la subsecretaria tuvo en cuenta que<strong> habitualmente, el verano es la \u00e9poca de cierre de la sala local.<\/strong> \u201cHist\u00f3ricamente el teatro durante el verano estuvo cerrado, porque la temporada siempre se da en la costa. Entonces, hasta para el personal del teatro es su momento de descanso\u201d se\u00f1al\u00f3.<\/p>\n<p><img data-recalc-dims=\"1\" loading=\"lazy\" decoding=\"async\" class=\"aligncenter wp-image-6393\" src=\"https:\/\/i0.wp.com\/cdnoticias.com\/wp-content\/uploads\/2020\/11\/Cultura-Conf-agustina-marino01.jpg?resize=600%2C333&#038;ssl=1\" alt=\"\" width=\"600\" height=\"333\" srcset=\"https:\/\/i0.wp.com\/cdnoticias.com\/wp-content\/uploads\/2020\/11\/Cultura-Conf-agustina-marino01.jpg?resize=300%2C166&amp;ssl=1 300w, https:\/\/i0.wp.com\/cdnoticias.com\/wp-content\/uploads\/2020\/11\/Cultura-Conf-agustina-marino01.jpg?resize=768%2C426&amp;ssl=1 768w, https:\/\/i0.wp.com\/cdnoticias.com\/wp-content\/uploads\/2020\/11\/Cultura-Conf-agustina-marino01.jpg?resize=1024%2C567&amp;ssl=1 1024w, https:\/\/i0.wp.com\/cdnoticias.com\/wp-content\/uploads\/2020\/11\/Cultura-Conf-agustina-marino01.jpg?resize=800%2C445&amp;ssl=1 800w, https:\/\/i0.wp.com\/cdnoticias.com\/wp-content\/uploads\/2020\/11\/Cultura-Conf-agustina-marino01.jpg?w=1200&amp;ssl=1 1200w\" sizes=\"auto, (max-width: 600px) 100vw, 600px\" \/><\/p>\n<p>Tras reiterar que se analizar\u00e1n los protocolos que disponga la Provincia, agreg\u00f3 \u201cvamos a valorarlo en conjunto con el Intendente y el secretario (de Desarrollo Humano, Diego Robbiani). <strong>Si los protocolos nos permiten empezaremos a ejecutar algunas metodolog\u00edas de trabajo semipresenciales, pero si no continuaremos con la metodolog\u00eda de streaming<\/strong>\u201d.<\/p>\n<p>Cabe recordar que desde marzo, la sala del Teatro Municipal ha estado cerrada. No se han realizado presentaciones de ning\u00fan tipo, y el primer espect\u00e1culo a realizarse ser\u00e1 el del domingo 29 de noviembre para celebrar el aniversario de Olavarr\u00eda.<\/p>\n","protected":false},"excerpt":{"rendered":"<p>La semana pr\u00f3xima ser\u00e1n enviados por la Provincia. \u201cTenemos muchas ganas de volver a trabajar de manera presencial\u201d indic\u00f3 la<\/p>\n","protected":false},"author":4,"featured_media":6392,"comment_status":"closed","ping_status":"closed","sticky":false,"template":"","format":"standard","meta":{"_jetpack_memberships_contains_paid_content":false,"footnotes":""},"categories":[9,1],"tags":[],"class_list":["post-6391","post","type-post","status-publish","format-standard","has-post-thumbnail","hentry","category-cultura","category-portada"],"jetpack_featured_media_url":"https:\/\/i0.wp.com\/cdnoticias.com\/wp-content\/uploads\/2020\/11\/Cultura-Conf-agustina-marino.jpg?fit=1200%2C669&ssl=1","jetpack_sharing_enabled":true,"_links":{"self":[{"href":"https:\/\/cdnoticias.com\/index.php\/wp-json\/wp\/v2\/posts\/6391","targetHints":{"allow":["GET"]}}],"collection":[{"href":"https:\/\/cdnoticias.com\/index.php\/wp-json\/wp\/v2\/posts"}],"about":[{"href":"https:\/\/cdnoticias.com\/index.php\/wp-json\/wp\/v2\/types\/post"}],"author":[{"embeddable":true,"href":"https:\/\/cdnoticias.com\/index.php\/wp-json\/wp\/v2\/users\/4"}],"replies":[{"embeddable":true,"href":"https:\/\/cdnoticias.com\/index.php\/wp-json\/wp\/v2\/comments?post=6391"}],"version-history":[{"count":0,"href":"https:\/\/cdnoticias.com\/index.php\/wp-json\/wp\/v2\/posts\/6391\/revisions"}],"wp:featuredmedia":[{"embeddable":true,"href":"https:\/\/cdnoticias.com\/index.php\/wp-json\/wp\/v2\/media\/6392"}],"wp:attachment":[{"href":"https:\/\/cdnoticias.com\/index.php\/wp-json\/wp\/v2\/media?parent=6391"}],"wp:term":[{"taxonomy":"category","embeddable":true,"href":"https:\/\/cdnoticias.com\/index.php\/wp-json\/wp\/v2\/categories?post=6391"},{"taxonomy":"post_tag","embeddable":true,"href":"https:\/\/cdnoticias.com\/index.php\/wp-json\/wp\/v2\/tags?post=6391"}],"curies":[{"name":"wp","href":"https:\/\/api.w.org\/{rel}","templated":true}]}}