{"id":63898,"date":"2022-09-02T07:59:14","date_gmt":"2022-09-02T10:59:14","guid":{"rendered":"https:\/\/www.centraldenoticias.com.ar\/?p=63898"},"modified":"2022-09-02T09:32:37","modified_gmt":"2022-09-02T12:32:37","slug":"convocan-a-marchar-en-olavarria-en-repudio-al-intento-de-asesinato-de-cristina","status":"publish","type":"post","link":"https:\/\/cdnoticias.com\/index.php\/2022\/09\/02\/convocan-a-marchar-en-olavarria-en-repudio-al-intento-de-asesinato-de-cristina\/","title":{"rendered":"Convocan a marchar en Olavarr\u00eda en repudio al intento de asesinato de Cristina"},"content":{"rendered":"<p>El Frente Sindical y Gremial repudi\u00f3 el hecho, lo describi\u00f3 como \u201cel m\u00e1s grave desde la restauraci\u00f3n democr\u00e1tica\u201d y llam\u00f3 a marchar este viernes.<!--more--><\/p>\n<hr \/>\n<p>Las organizaciones que integran el <strong>Frente Sindical y Gremial de Olavarr\u00eda<\/strong> repudi\u00f3 el<a href=\"https:\/\/cdnoticias.com\/index.php\/2022\/09\/02\/el-impactante-momento-en-que-intentaron-asesinar-a-la-vicepresidenta-cristina-fernandez\/\" target=\"_blank\" rel=\"noopener\"> intento de asesinato de la Vicepresidente de la Naci\u00f3n<\/a>, Cristina Fern\u00e1ndez de Kirchner.<\/p>\n<p>&nbsp;<\/p>\n<p>\u201cEl ins\u00f3lito episodio vivido, el m\u00e1s grave desde la restauraci\u00f3n democr\u00e1tica, compromete a todos los argentinos con la paz, desterrando de las pr\u00e1cticas cotidianas, las acciones y los discursos instigadores del odio y la intolerancia de toda \u00edndole\u201d, se\u00f1alaron.<\/p>\n<p>&nbsp;<\/p>\n<blockquote><p>En ese sentido, convocaron \u201ca manifestar nuestro rechazo a esa violencia, con una marcha por las calles de la ciudad\u201d durante la jornada de este viernes.<\/p><\/blockquote>\n<p>&nbsp;<\/p>\n<p>Asimismo, indicaron que <strong>el horario ser\u00e1 convenido entre las distintas organizaciones sociales y pol\u00edticas.<\/strong><\/p>\n<p>&nbsp;<\/p>\n<p><strong>Feriado nacional\u00a0<\/strong><\/p>\n<p>&nbsp;<\/p>\n<p>El Presidente de la Naci\u00f3n, Alberto Fern\u00e1ndez, repudi\u00f3 el intento de asesinato de la mandataria y<a href=\"https:\/\/cdnoticias.com\/index.php\/2022\/09\/02\/por-el-intento-de-asesinato-a-la-vicepresidenta-declararon-feriado-nacional-este-viernes\/\" target=\"_blank\" rel=\"noopener\"> declar\u00f3 este viernes como feriado nacional<\/a> \u201cen defensa de la vida, de la democracia y en solidaridad con nuestra Vicepresidenta\u201d.<\/p>\n<p>&nbsp;<\/p>\n<p>Se\u00f1al\u00f3 que \u201csemejante realidad conmueve a todo el pueblo argentino y en particular a quienes somos sus compa\u00f1eros que la abrazamos con nuestro cari\u00f1o\u201d.<\/p>\n<p>&nbsp;<\/p>\n<p>En este sentido,\u00a0<strong>confirm\u00f3 que el viernes ser\u00e1 feriado nacional para aquellos que deseen movilizarse, reflexionar y solidarizarse con la vicepresidenta Cristina Fern\u00e1ndez de Kirchner.<\/strong><\/p>\n<p>&nbsp;<\/p>\n<blockquote class=\"wp-embedded-content\" data-secret=\"dHWw9xw6rp\"><p><a href=\"https:\/\/cdnoticias.com\/index.php\/2022\/09\/02\/el-municipio-adhiere-al-feriado-nacional-y-repudio-el-intento-de-asesinato-a-la-vicepresidenta\/\">El Municipio adhiere al feriado nacional y repudi\u00f3 el intento de asesinato a la Vicepresidenta<\/a><\/p><\/blockquote>\n<p><iframe loading=\"lazy\" class=\"wp-embedded-content\" sandbox=\"allow-scripts\" security=\"restricted\" style=\"position: absolute; clip: rect(1px, 1px, 1px, 1px);\" title=\"&#8220;El Municipio adhiere al feriado nacional y repudi\u00f3 el intento de asesinato a la Vicepresidenta&#8221; &#8212; Central de Noticias | Olavarr\u00eda\" src=\"https:\/\/cdnoticias.com\/index.php\/2022\/09\/02\/el-municipio-adhiere-al-feriado-nacional-y-repudio-el-intento-de-asesinato-a-la-vicepresidenta\/embed\/#?secret=SajdaAoLo0#?secret=dHWw9xw6rp\" data-secret=\"dHWw9xw6rp\" width=\"600\" height=\"338\" frameborder=\"0\" marginwidth=\"0\" marginheight=\"0\" scrolling=\"no\"><\/iframe><\/p>\n<p>&nbsp;<\/p>\n","protected":false},"excerpt":{"rendered":"<p>El Frente Sindical y Gremial repudi\u00f3 el hecho, lo describi\u00f3 como \u201cel m\u00e1s grave desde la restauraci\u00f3n democr\u00e1tica\u201d y llam\u00f3<\/p>\n","protected":false},"author":5,"featured_media":26579,"comment_status":"closed","ping_status":"closed","sticky":false,"template":"","format":"standard","meta":{"_jetpack_memberships_contains_paid_content":false,"footnotes":""},"categories":[4],"tags":[],"class_list":["post-63898","post","type-post","status-publish","format-standard","has-post-thumbnail","hentry","category-politica"],"jetpack_featured_media_url":"https:\/\/i0.wp.com\/cdnoticias.com\/wp-content\/uploads\/2021\/07\/Vista-Drone-Olavarr%C3%ADa-1-1024x682-e1639251255800.jpg?fit=980%2C558&ssl=1","jetpack_sharing_enabled":true,"_links":{"self":[{"href":"https:\/\/cdnoticias.com\/index.php\/wp-json\/wp\/v2\/posts\/63898","targetHints":{"allow":["GET"]}}],"collection":[{"href":"https:\/\/cdnoticias.com\/index.php\/wp-json\/wp\/v2\/posts"}],"about":[{"href":"https:\/\/cdnoticias.com\/index.php\/wp-json\/wp\/v2\/types\/post"}],"author":[{"embeddable":true,"href":"https:\/\/cdnoticias.com\/index.php\/wp-json\/wp\/v2\/users\/5"}],"replies":[{"embeddable":true,"href":"https:\/\/cdnoticias.com\/index.php\/wp-json\/wp\/v2\/comments?post=63898"}],"version-history":[{"count":0,"href":"https:\/\/cdnoticias.com\/index.php\/wp-json\/wp\/v2\/posts\/63898\/revisions"}],"wp:featuredmedia":[{"embeddable":true,"href":"https:\/\/cdnoticias.com\/index.php\/wp-json\/wp\/v2\/media\/26579"}],"wp:attachment":[{"href":"https:\/\/cdnoticias.com\/index.php\/wp-json\/wp\/v2\/media?parent=63898"}],"wp:term":[{"taxonomy":"category","embeddable":true,"href":"https:\/\/cdnoticias.com\/index.php\/wp-json\/wp\/v2\/categories?post=63898"},{"taxonomy":"post_tag","embeddable":true,"href":"https:\/\/cdnoticias.com\/index.php\/wp-json\/wp\/v2\/tags?post=63898"}],"curies":[{"name":"wp","href":"https:\/\/api.w.org\/{rel}","templated":true}]}}