{"id":63892,"date":"2022-09-02T02:49:11","date_gmt":"2022-09-02T05:49:11","guid":{"rendered":"https:\/\/www.centraldenoticias.com.ar\/?p=63892"},"modified":"2022-09-02T08:00:26","modified_gmt":"2022-09-02T11:00:26","slug":"el-municipio-adhiere-al-feriado-nacional-y-repudio-el-intento-de-asesinato-a-la-vicepresidenta","status":"publish","type":"post","link":"https:\/\/cdnoticias.com\/index.php\/2022\/09\/02\/el-municipio-adhiere-al-feriado-nacional-y-repudio-el-intento-de-asesinato-a-la-vicepresidenta\/","title":{"rendered":"El Municipio adhiere al feriado nacional y repudi\u00f3 el intento de asesinato a la Vicepresidenta"},"content":{"rendered":"<p>Confirmaron que las oficinas no abrir\u00e1n al p\u00fablico durante el viernes y todas las actividades fueron suspendidas. <!--more--><\/p>\n<hr \/>\n<p>Tras la conmoci\u00f3n que gener\u00f3 el intento de asesinato a la vicepresidenta Cristina Fern\u00e1ndez de Kirchner y<strong><a href=\"https:\/\/cdnoticias.com\/index.php\/2022\/09\/02\/por-el-intento-de-asesinato-a-la-vicepresidenta-declararon-feriado-nacional-este-viernes\/\" target=\"_blank\" rel=\"noopener\"> el consecuente feriado decretado por Alberto Fern\u00e1ndez<\/a>, el Municipio adhiere y repudi\u00f3 los hechos mediante un comunicado.<\/strong><\/p>\n<p>&nbsp;<\/p>\n<blockquote><p>Se\u00f1alaron que desde la comuna \u201cse expresa el m\u00e1s absoluto repudio ante los hechos de violencia\u201d.<\/p><\/blockquote>\n<p>&nbsp;<\/p>\n<p>En este sentido se inform\u00f3 que<strong> las oficinas no abrir\u00e1n sus puertas al p\u00fablico y que se suspenden todas las actividades organizadas por la comuna previstas para este viernes.<\/strong><\/p>\n<p>&nbsp;<\/p>\n<blockquote class=\"twitter-tweet\">\n<p dir=\"ltr\" lang=\"es\">El Municipio de Olavarr\u00eda adhiere al feriado nacional -decretado por el presidente de la Naci\u00f3n por el ataque a la vicepresidenta- y expresa el m\u00e1s absoluto repudio ante los hechos de violencia<br \/>\n(1\/2)<\/p>\n<p>\u2014 Hilario Galli (@HilarioGalli) <a href=\"https:\/\/twitter.com\/HilarioGalli\/status\/1565547013021769728?ref_src=twsrc%5Etfw\">September 2, 2022<\/a><\/p><\/blockquote>\n<p><script async src=\"https:\/\/platform.twitter.com\/widgets.js\" charset=\"utf-8\"><\/script><\/p>\n<p>&nbsp;<\/p>\n<p>En paralelo, cabe destacar, <strong>se garantizar\u00e1 el funcionamiento de los servicios esenciales.<\/strong><\/p>\n","protected":false},"excerpt":{"rendered":"<p>Confirmaron que las oficinas no abrir\u00e1n al p\u00fablico durante el viernes y todas las actividades fueron suspendidas.<\/p>\n","protected":false},"author":2,"featured_media":50371,"comment_status":"closed","ping_status":"closed","sticky":false,"template":"","format":"standard","meta":{"_jetpack_memberships_contains_paid_content":false,"footnotes":""},"categories":[5,1],"tags":[],"class_list":["post-63892","post","type-post","status-publish","format-standard","has-post-thumbnail","hentry","category-informacion-general","category-portada"],"jetpack_featured_media_url":"https:\/\/i0.wp.com\/cdnoticias.com\/wp-content\/uploads\/2022\/03\/Palacio-Municipal-San-Martin-drone-Olavarria-Municipalidad-centro-comercio.jpg?fit=800%2C445&ssl=1","jetpack_sharing_enabled":true,"_links":{"self":[{"href":"https:\/\/cdnoticias.com\/index.php\/wp-json\/wp\/v2\/posts\/63892","targetHints":{"allow":["GET"]}}],"collection":[{"href":"https:\/\/cdnoticias.com\/index.php\/wp-json\/wp\/v2\/posts"}],"about":[{"href":"https:\/\/cdnoticias.com\/index.php\/wp-json\/wp\/v2\/types\/post"}],"author":[{"embeddable":true,"href":"https:\/\/cdnoticias.com\/index.php\/wp-json\/wp\/v2\/users\/2"}],"replies":[{"embeddable":true,"href":"https:\/\/cdnoticias.com\/index.php\/wp-json\/wp\/v2\/comments?post=63892"}],"version-history":[{"count":0,"href":"https:\/\/cdnoticias.com\/index.php\/wp-json\/wp\/v2\/posts\/63892\/revisions"}],"wp:featuredmedia":[{"embeddable":true,"href":"https:\/\/cdnoticias.com\/index.php\/wp-json\/wp\/v2\/media\/50371"}],"wp:attachment":[{"href":"https:\/\/cdnoticias.com\/index.php\/wp-json\/wp\/v2\/media?parent=63892"}],"wp:term":[{"taxonomy":"category","embeddable":true,"href":"https:\/\/cdnoticias.com\/index.php\/wp-json\/wp\/v2\/categories?post=63892"},{"taxonomy":"post_tag","embeddable":true,"href":"https:\/\/cdnoticias.com\/index.php\/wp-json\/wp\/v2\/tags?post=63892"}],"curies":[{"name":"wp","href":"https:\/\/api.w.org\/{rel}","templated":true}]}}