{"id":63889,"date":"2022-09-02T00:23:53","date_gmt":"2022-09-02T03:23:53","guid":{"rendered":"https:\/\/www.centraldenoticias.com.ar\/?p=63889"},"modified":"2022-09-02T00:49:55","modified_gmt":"2022-09-02T03:49:55","slug":"por-el-intento-de-asesinato-a-la-vicepresidenta-declararon-feriado-nacional-este-viernes","status":"publish","type":"post","link":"https:\/\/cdnoticias.com\/index.php\/2022\/09\/02\/por-el-intento-de-asesinato-a-la-vicepresidenta-declararon-feriado-nacional-este-viernes\/","title":{"rendered":"Por el intento de asesinato a la vicepresidenta, declararon feriado nacional este viernes"},"content":{"rendered":"<p>As\u00ed lo decret\u00f3 el Presidente Alberto Fern\u00e1ndez en cadena nacional en la medianoche de este jueves. Hay un detenido que gatill\u00f3 un arma en la cara a Cristina Fern\u00e1ndez de Kirchner al llegar a su casa.<!--more--><\/p>\n<hr \/>\n<p>Tras el <strong>conmocionante intento de asesinato a la vicepresidenta Cristina Fern\u00e1ndez de Kirchner en la puerta de su casa, el Presidente de la Naci\u00f3n, Alberto Fern\u00e1ndez, repudi\u00f3 el hecho y declar\u00f3 este viernes como feriado nacional<\/strong> <em>\u201cen defensa de la vida, de la democracia y en solidaridad con nuestra Vicepresidenta\u201d<\/em>, indic\u00f3 el mandatario.<\/p>\n<p>&nbsp;<\/p>\n<p>El mandatario fue contundente al se\u00f1alar que el hecho <strong><em>\u201ces el mas grave que ha sucedido desde que hemos recuperado la democracia\u201d<\/em><\/strong> y asever\u00f3 que <em>\u201cCristina permanece con vida porque por alguna raz\u00f3n todav\u00eda no confirmada t\u00e9cnicamente, el arma, que contaba con cinco balas, no se dispar\u00f3 pese a haber estado cargada con cinco balas\u201d.<\/em><\/p>\n<p>&nbsp;<\/p>\n<blockquote><p>El presidente se\u00f1al\u00f3 que <strong><em>\u201csemejante realidad conmueve a todo el pueblo argentino y en particular a quienes somos sus compa\u00f1eros que la abrazamos con nuestro cari\u00f1o\u201d.<\/em><\/strong><\/p><\/blockquote>\n<p>&nbsp;<\/p>\n<p>De igual modo, dijo que este hecho <em>\u201cmerece el repudio de todos los sectores pol\u00edticos y de todos los hombres y mujeres de la argentina, porque estos hechos afectan la democracia\u201d.<\/em><\/p>\n<p>&nbsp;<\/p>\n<p>En este sentido, <strong>confirm\u00f3 que el viernes ser\u00e1 feriado nacional para aquellos que deseen movilizarse, reflexionar y solidarizarse con la vicepresidenta Cristina Fern\u00e1ndez de Kirchner.<\/strong><\/p>\n<p>&nbsp;<\/p>\n<p><iframe loading=\"lazy\" title=\"YouTube video player\" src=\"https:\/\/www.youtube.com\/embed\/Yyp-hNQgks4\" width=\"560\" height=\"315\" frameborder=\"0\" allowfullscreen=\"allowfullscreen\"><\/iframe><\/p>\n","protected":false},"excerpt":{"rendered":"<p>As\u00ed lo decret\u00f3 el Presidente Alberto Fern\u00e1ndez en cadena nacional en la medianoche de este jueves. Hay un detenido que<\/p>\n","protected":false},"author":2,"featured_media":63890,"comment_status":"closed","ping_status":"closed","sticky":false,"template":"","format":"standard","meta":{"_jetpack_memberships_contains_paid_content":false,"footnotes":""},"categories":[6,1],"tags":[],"class_list":["post-63889","post","type-post","status-publish","format-standard","has-post-thumbnail","hentry","category-nacionales","category-portada"],"jetpack_featured_media_url":"https:\/\/i0.wp.com\/cdnoticias.com\/wp-content\/uploads\/2022\/09\/alberto-cadena.jpg?fit=1366%2C768&ssl=1","jetpack_sharing_enabled":true,"_links":{"self":[{"href":"https:\/\/cdnoticias.com\/index.php\/wp-json\/wp\/v2\/posts\/63889","targetHints":{"allow":["GET"]}}],"collection":[{"href":"https:\/\/cdnoticias.com\/index.php\/wp-json\/wp\/v2\/posts"}],"about":[{"href":"https:\/\/cdnoticias.com\/index.php\/wp-json\/wp\/v2\/types\/post"}],"author":[{"embeddable":true,"href":"https:\/\/cdnoticias.com\/index.php\/wp-json\/wp\/v2\/users\/2"}],"replies":[{"embeddable":true,"href":"https:\/\/cdnoticias.com\/index.php\/wp-json\/wp\/v2\/comments?post=63889"}],"version-history":[{"count":0,"href":"https:\/\/cdnoticias.com\/index.php\/wp-json\/wp\/v2\/posts\/63889\/revisions"}],"wp:featuredmedia":[{"embeddable":true,"href":"https:\/\/cdnoticias.com\/index.php\/wp-json\/wp\/v2\/media\/63890"}],"wp:attachment":[{"href":"https:\/\/cdnoticias.com\/index.php\/wp-json\/wp\/v2\/media?parent=63889"}],"wp:term":[{"taxonomy":"category","embeddable":true,"href":"https:\/\/cdnoticias.com\/index.php\/wp-json\/wp\/v2\/categories?post=63889"},{"taxonomy":"post_tag","embeddable":true,"href":"https:\/\/cdnoticias.com\/index.php\/wp-json\/wp\/v2\/tags?post=63889"}],"curies":[{"name":"wp","href":"https:\/\/api.w.org\/{rel}","templated":true}]}}