{"id":63884,"date":"2022-09-01T19:19:22","date_gmt":"2022-09-01T22:19:22","guid":{"rendered":"https:\/\/www.centraldenoticias.com.ar\/?p=63884"},"modified":"2022-09-01T20:44:27","modified_gmt":"2022-09-01T23:44:27","slug":"contaminacion-acustica-nuevo-encuentro-en-el-hcd-con-autoras-de-un-proyecto","status":"publish","type":"post","link":"https:\/\/cdnoticias.com\/index.php\/2022\/09\/01\/contaminacion-acustica-nuevo-encuentro-en-el-hcd-con-autoras-de-un-proyecto\/","title":{"rendered":"Contaminaci\u00f3n ac\u00fastica: nuevo encuentro en el HCD con autoras de un proyecto"},"content":{"rendered":"<p>Fue este jueves, en las oficinas de Alsina y San Mart\u00edn. El proyecto presentado \u201ctiene un importante respaldo de vecinos y vecinas\u201d. <!--more--><\/p>\n<hr \/>\n<p>Este jueves se reuni\u00f3 este jueves la <strong>comisi\u00f3n de Medio Ambiente del Concejo Deliberante de Olavarr\u00eda<\/strong> donde se continu\u00f3 con el tratamiento del <strong>expediente presentado por un importante grupo de vecinos que tiene como objetivo modificar una Ordenanza del a\u00f1o 2016 en materia de control y no contaminaci\u00f3n ac\u00fastica.<\/strong><\/p>\n<p>&nbsp;<\/p>\n<p>A la comisi\u00f3n encabezada por Bel\u00e9n Vergel (UCR-Juntos) fueron convocados integrantes de otras comisiones que componen el HCD con el objetivo de llevar adelante una escucha integral del proyecto.<strong> Participaron de la reuni\u00f3n tres de las autoras de la iniciativa:\u00a0 Romina Garc\u00eda Mart\u00ed, Carmen Mart\u00ednez y Amparo Lazcano.<\/strong><\/p>\n<p>&nbsp;<\/p>\n<blockquote><p>Bel\u00e9n Vergel destac\u00f3 que el proyecto en tratamiento \u201ctiene un importante respaldo de vecinos y vecinas que adhirieron con su firma\u201d.<\/p><\/blockquote>\n<p>&nbsp;<\/p>\n<p>La concejal Vergel manifest\u00f3: <em>\u201ces muy importante poder trabajar estos temas y sobretodo hacerlo con los vecinos que se sienten afectados por la contaminaci\u00f3n ac\u00fastica. Seguiremos trabajando y enriqueciendo el proyecto escuchando a distintos actores para lograr una ordenanza de consenso y que atienda a todas las realidades\u201d.<\/em><\/p>\n<p>&nbsp;<\/p>\n<p>Este expediente hab\u00eda tomado estado parlamentario en la D\u00e9cima Sesi\u00f3n Ordinaria del HCD y tras eso se inici\u00f3 el an\u00e1lisis en la comisi\u00f3n de Medio Ambiente.<\/p>\n","protected":false},"excerpt":{"rendered":"<p>Fue este jueves, en las oficinas de Alsina y San Mart\u00edn. El proyecto presentado \u201ctiene un importante respaldo de vecinos<\/p>\n","protected":false},"author":2,"featured_media":63885,"comment_status":"closed","ping_status":"closed","sticky":false,"template":"","format":"standard","meta":{"_jetpack_memberships_contains_paid_content":false,"footnotes":""},"categories":[4,1],"tags":[],"class_list":["post-63884","post","type-post","status-publish","format-standard","has-post-thumbnail","hentry","category-politica","category-portada"],"jetpack_featured_media_url":"https:\/\/i0.wp.com\/cdnoticias.com\/wp-content\/uploads\/2022\/09\/RuidosMolestosMedioAmbiene.jpg?fit=1534%2C920&ssl=1","jetpack_sharing_enabled":true,"_links":{"self":[{"href":"https:\/\/cdnoticias.com\/index.php\/wp-json\/wp\/v2\/posts\/63884","targetHints":{"allow":["GET"]}}],"collection":[{"href":"https:\/\/cdnoticias.com\/index.php\/wp-json\/wp\/v2\/posts"}],"about":[{"href":"https:\/\/cdnoticias.com\/index.php\/wp-json\/wp\/v2\/types\/post"}],"author":[{"embeddable":true,"href":"https:\/\/cdnoticias.com\/index.php\/wp-json\/wp\/v2\/users\/2"}],"replies":[{"embeddable":true,"href":"https:\/\/cdnoticias.com\/index.php\/wp-json\/wp\/v2\/comments?post=63884"}],"version-history":[{"count":0,"href":"https:\/\/cdnoticias.com\/index.php\/wp-json\/wp\/v2\/posts\/63884\/revisions"}],"wp:featuredmedia":[{"embeddable":true,"href":"https:\/\/cdnoticias.com\/index.php\/wp-json\/wp\/v2\/media\/63885"}],"wp:attachment":[{"href":"https:\/\/cdnoticias.com\/index.php\/wp-json\/wp\/v2\/media?parent=63884"}],"wp:term":[{"taxonomy":"category","embeddable":true,"href":"https:\/\/cdnoticias.com\/index.php\/wp-json\/wp\/v2\/categories?post=63884"},{"taxonomy":"post_tag","embeddable":true,"href":"https:\/\/cdnoticias.com\/index.php\/wp-json\/wp\/v2\/tags?post=63884"}],"curies":[{"name":"wp","href":"https:\/\/api.w.org\/{rel}","templated":true}]}}