{"id":63844,"date":"2022-09-01T13:53:39","date_gmt":"2022-09-01T16:53:39","guid":{"rendered":"https:\/\/www.centraldenoticias.com.ar\/?p=63844"},"modified":"2022-09-01T13:53:39","modified_gmt":"2022-09-01T16:53:39","slug":"estatales-ate-y-la-ajb-van-al-paro-para-apurar-renegociaciones-paritarias","status":"publish","type":"post","link":"https:\/\/cdnoticias.com\/index.php\/2022\/09\/01\/estatales-ate-y-la-ajb-van-al-paro-para-apurar-renegociaciones-paritarias\/","title":{"rendered":"Estatales: ATE y la AJB van al paro para apurar renegociaciones paritarias"},"content":{"rendered":"<p>Los judiciales convocaron a la medida para este viernes: \u201cvemos seriamente afectado el poder adquisitivo de nuestros salarios, producto de la grave escalada inflacionaria\u201d se explic\u00f3. ATE har\u00e1 el anuncio en la tarde de este jueves.<!--more--><\/p>\n<hr \/>\n<p><strong>La Asociaci\u00f3n Trabajadores del Estado anunciar\u00e1 este jueves medidas de fuerza. Los judiciales bonaerenses prev\u00e9n una huelga de 24 horas este viernes<\/strong>, con \u201cdesconexi\u00f3n y acciones locales en las departamentales\u201d.<\/p>\n<p>&nbsp;<\/p>\n<p>Varios gremios estatales, tanto de Naci\u00f3n como provinciales, comenzaron a movilizarse en busca de renegociaciones de paritarias frente a la elevada inflaci\u00f3n. As\u00ed, <strong>la Asociaci\u00f3n Trabajadores del Estado (ATE) anunciar\u00e1 este jueves medidas de fuerza y se sumar\u00e1n en provincia al paro de 24 horas anunciado el mi\u00e9rcoles por la Asociaci\u00f3n Judicial Bonaerense (AJB)<\/strong>, que incluir\u00e1 \u201cdesconexi\u00f3n y acciones locales en las departamentales\u201d.<\/p>\n<p>&nbsp;<\/p>\n<p>El anuncio de las medidas de ATE tendr\u00e1 lugar en el marco de una conferencia de prensa que encabezar\u00e1 a las 16 el secretario general nacional de ATE, Hugo Godoy, en el Hotel Quagliaro, en Moreno al 2600 de la Ciudad de Buenos Aires.<\/p>\n<p>&nbsp;<\/p>\n<p><strong>\u201cSe ofrecer\u00e1n detalles de las pr\u00f3ximas medidas de fuerza que se realizar\u00e1n en el contexto de la paritaria nacional del Estado<\/strong>, y tambi\u00e9n se informar\u00e1 respecto de la expulsi\u00f3n del gremio del afiliado Pedro Jofr\u00e9, protagonista de los acontecimientos ocurridos de forma reciente en la ciudad de San Mart\u00edn de los Andes\u201d, dijo el dirigente sindical, flamante secretario general de la Central de los Trabajadores de la Argentina Aut\u00f3noma (CTAA).<\/p>\n<p>&nbsp;<\/p>\n<p><strong>Judiciales<\/strong><\/p>\n<p>&nbsp;<\/p>\n<p>En tanto, <strong>este viernes la Asociaci\u00f3n Judicial Bonaerense ir\u00e1 a la huelga \u201cen virtud de los sucesivos reclamos realizados por la AJB sobre la necesidad de actualizaci\u00f3n de los salarios de las y los judiciales<\/strong>, en concordancia con los mandatos mayoritarios de las asambleas, y por decisi\u00f3n un\u00e1nime de la conducci\u00f3n provincial y las y los 20 secretarios generales\u201d. El paro incluir\u00e1 \u201cdesconexi\u00f3n y acciones locales en las departamentales de la provincia\u201d, seg\u00fan se inform\u00f3.<\/p>\n<p>&nbsp;<\/p>\n<blockquote class=\"twitter-tweet\">\n<p dir=\"ltr\" lang=\"es\"><a href=\"https:\/\/twitter.com\/hashtag\/Paritarias2022?src=hash&amp;ref_src=twsrc%5Etfw\">#Paritarias2022<\/a><\/p>\n<p>\u27a1\ufe0f LAS Y LOS JUDICIALES PARAMOS POR CONVOCATORIA A PARITARIAS Y EN DEFENSA DE LOS SALARIOS<\/p>\n<p>\ud83d\udccc 2\/9 Paro y Desconexi\u00f3n con acciones locales <a href=\"https:\/\/t.co\/sM13G6XGc4\">pic.twitter.com\/sM13G6XGc4<\/a><\/p>\n<p>\u2014 Asociaci\u00f3n Judicial Bonaerense (@AJBOficial) <a href=\"https:\/\/twitter.com\/AJBOficial\/status\/1565287687862484992?ref_src=twsrc%5Etfw\">September 1, 2022<\/a><\/p><\/blockquote>\n<p><script async src=\"https:\/\/platform.twitter.com\/widgets.js\" charset=\"utf-8\"><\/script><\/p>\n<p>&nbsp;<\/p>\n<blockquote><p>\u201cLa decisi\u00f3n se toma en un contexto en el cual las y los judiciales vemos seriamente afectado el poder adquisitivo de nuestros salarios, producto de la grave escalada inflacionaria\u201d, se explic\u00f3.<\/p><\/blockquote>\n<p>&nbsp;<\/p>\n<p>El comunicado de la AJB afirma que \u201ctodo esto se suma al reclamo por la reactivaci\u00f3n de las mesas t\u00e9cnicas que solicitamos en la paritaria 2022 para abordar problemas como la recuperaci\u00f3n del 3% de antig\u00fcedad adeudado; la limitaci\u00f3n del ingreso de presentaciones electr\u00f3nicas; la cobertura de los cargos vacantes; la regulaci\u00f3n del teletrabajo; la ley marco de paritarias, entre otros temas urgentes\u201d.<\/p>\n<p>&nbsp;<\/p>\n<p><strong>Los sindicatos bonaerenses, entre ellos la AJB, ven\u00edan reclamando por la reapertura de la paritaria para rediscutir por tercera vez en el a\u00f1o el acuerdo salarial<\/strong>. <a href=\"https:\/\/cdnoticias.com\/index.php\/2022\/08\/13\/salarios-la-provincia-convoco-a-los-estatales-para-reabrir-la-paritaria\/\" target=\"_blank\" rel=\"noopener\">La Provincia hab\u00eda accedido<\/a> hasta que cambi\u00f3 el ministro de Trabajo, cuando la negociaci\u00f3n se fren\u00f3.<\/p>\n<p>&nbsp;<\/p>\n<p>Los gremios y el gobierno de Axel Kicillof acordaron una mejora en tramos del 60 por ciento para todo el a\u00f1o, contra una inflaci\u00f3n anual que consultoras privadas proyectan en el orden del 90%.<\/p>\n<p>&nbsp;<\/p>\n","protected":false},"excerpt":{"rendered":"<p>Los judiciales convocaron a la medida para este viernes: \u201cvemos seriamente afectado el poder adquisitivo de nuestros salarios, producto de<\/p>\n","protected":false},"author":4,"featured_media":2996,"comment_status":"closed","ping_status":"closed","sticky":false,"template":"","format":"standard","meta":{"_jetpack_memberships_contains_paid_content":false,"footnotes":""},"categories":[6,1],"tags":[],"class_list":["post-63844","post","type-post","status-publish","format-standard","has-post-thumbnail","hentry","category-nacionales","category-portada"],"jetpack_featured_media_url":"https:\/\/i0.wp.com\/cdnoticias.com\/wp-content\/uploads\/2020\/10\/judi.jpg?fit=512%2C290&ssl=1","jetpack_sharing_enabled":true,"_links":{"self":[{"href":"https:\/\/cdnoticias.com\/index.php\/wp-json\/wp\/v2\/posts\/63844","targetHints":{"allow":["GET"]}}],"collection":[{"href":"https:\/\/cdnoticias.com\/index.php\/wp-json\/wp\/v2\/posts"}],"about":[{"href":"https:\/\/cdnoticias.com\/index.php\/wp-json\/wp\/v2\/types\/post"}],"author":[{"embeddable":true,"href":"https:\/\/cdnoticias.com\/index.php\/wp-json\/wp\/v2\/users\/4"}],"replies":[{"embeddable":true,"href":"https:\/\/cdnoticias.com\/index.php\/wp-json\/wp\/v2\/comments?post=63844"}],"version-history":[{"count":0,"href":"https:\/\/cdnoticias.com\/index.php\/wp-json\/wp\/v2\/posts\/63844\/revisions"}],"wp:featuredmedia":[{"embeddable":true,"href":"https:\/\/cdnoticias.com\/index.php\/wp-json\/wp\/v2\/media\/2996"}],"wp:attachment":[{"href":"https:\/\/cdnoticias.com\/index.php\/wp-json\/wp\/v2\/media?parent=63844"}],"wp:term":[{"taxonomy":"category","embeddable":true,"href":"https:\/\/cdnoticias.com\/index.php\/wp-json\/wp\/v2\/categories?post=63844"},{"taxonomy":"post_tag","embeddable":true,"href":"https:\/\/cdnoticias.com\/index.php\/wp-json\/wp\/v2\/tags?post=63844"}],"curies":[{"name":"wp","href":"https:\/\/api.w.org\/{rel}","templated":true}]}}