{"id":63823,"date":"2022-09-01T09:32:26","date_gmt":"2022-09-01T12:32:26","guid":{"rendered":"https:\/\/www.centraldenoticias.com.ar\/?p=63823"},"modified":"2022-09-01T11:01:37","modified_gmt":"2022-09-01T14:01:37","slug":"eduardo-alem-sobre-el-programa-ganado-6x6-tiene-que-ser-un-poquito-mas-amigable","status":"publish","type":"post","link":"https:\/\/cdnoticias.com\/index.php\/2022\/09\/01\/eduardo-alem-sobre-el-programa-ganado-6x6-tiene-que-ser-un-poquito-mas-amigable\/","title":{"rendered":"Eduardo Alem sobre el Programa Ganado 6&#215;6: \u201ctiene que ser un poquito m\u00e1s amigable\u201d"},"content":{"rendered":"<p>El presidente de la Sociedad Rural de Olavarr\u00eda se mostr\u00f3 de acuerdo con el programa provincial, pero se\u00f1al\u00f3 los l\u00edmites para su aplicaci\u00f3n. \u201cLa intenci\u00f3n que vimos tanto del ministro como del veterinario responsable es escucharnos y tratar de entre todos buscarle la vuelta\u201d dijo.<!--more--><\/p>\n<hr \/>\n<p><a href=\"https:\/\/cdnoticias.com\/index.php\/2022\/08\/29\/javier-rodriguez-necesitamos-de-todos-y-de-todos-los-sectores\/\" target=\"_blank\" rel=\"noopener\">Este lunes estuvo en Olavarr\u00eda el ministro de Desarrollo Agrario de la provincia de Buenos Aires, Javier Rodr\u00edguez<\/a>, para presentar el <strong>Plan Ganadero 6&#215;6<\/strong>. Tiene como objetivo central el <strong>control de enfermedades ven\u00e9reas en el ganado<\/strong> para aumentar la producci\u00f3n. <strong>Central de Noticias<\/strong> consult\u00f3 al <strong>presidente de la Sociedad Rural de Olavarr\u00eda, Eduardo Alem<\/strong>, sobre el tema y el balance del encuentro con el ministro.<\/p>\n<p>&nbsp;<\/p>\n<p><strong>\u201cSe intercambi\u00f3 bastante, hubo un buen intercambio<\/strong>. Pudieron participar los veterinarios y qued\u00f3 un poco no stand by, pero como que<strong> se plantearon varias problem\u00e1ticas que dejaron al descubierto que no va a ser tan f\u00e1cil de llevar en forma r\u00e1pida<\/strong>. La intenci\u00f3n de todos es ir mejorando y ojal\u00e1 se pueda realizar\u201d plante\u00f3.<\/p>\n<p>&nbsp;<\/p>\n<p><strong>El balance del dirigente sectorial es positivo en cuanto a los objetivos del programa y la actitud de escucha de las autoridades de Desarrollo Agrario<\/strong>. Se\u00f1al\u00f3 varios aspectos que los ruralistas advirtieron como dificultosos para la implementaci\u00f3n de este programa, entre ellos el plazo previsto para el cese de transporte y comercializaci\u00f3n de los animales no controlados.<\/p>\n<p>&nbsp;<\/p>\n<blockquote><p>\u201cEl programa en s\u00ed propone el saneamiento de enfermedades ven\u00e9reas. Son un flagelo para la reproducci\u00f3n bovina y poder eliminarlas ser\u00eda muy bueno\u201d plante\u00f3 en primera instancia el presidente de la SRO.<\/p><\/blockquote>\n<p>&nbsp;<\/p>\n<p>Se\u00f1al\u00f3 que en la reuni\u00f3n con el ministro Rodr\u00edguez<strong> \u201chab\u00eda muchos veterinarios, con el Colegio de Veterinarios, y pocos productores\u201d<\/strong> para tener en cuenta que se hicieron muchas consultas sobre la metodolog\u00eda de trabajo que propone el programa provincial para los profesionales de ese rubro, quienes van a controlar las enfermedades en los animales. <strong>\u201cSe est\u00e1 consultando c\u00f3mo mejorarlo y todav\u00eda no est\u00e1 claro del todo<\/strong>. Van a hacer un lanzamiento como prueba y sobre la marcha se va a ir mejorando\u201d agreg\u00f3.<\/p>\n<p>&nbsp;<\/p>\n<figure id=\"attachment_60066\" aria-describedby=\"caption-attachment-60066\" style=\"width: 600px\" class=\"wp-caption aligncenter\"><img data-recalc-dims=\"1\" loading=\"lazy\" decoding=\"async\" class=\"wp-image-60066 size-full\" src=\"https:\/\/i0.wp.com\/cdnoticias.com\/wp-content\/uploads\/2022\/07\/eduardo-alem-0.jpg?resize=600%2C625&#038;ssl=1\" alt=\"\" width=\"600\" height=\"625\" srcset=\"https:\/\/i0.wp.com\/cdnoticias.com\/wp-content\/uploads\/2022\/07\/eduardo-alem-0.jpg?w=600&amp;ssl=1 600w, https:\/\/i0.wp.com\/cdnoticias.com\/wp-content\/uploads\/2022\/07\/eduardo-alem-0.jpg?resize=288%2C300&amp;ssl=1 288w\" sizes=\"auto, (max-width: 600px) 100vw, 600px\" \/><figcaption id=\"caption-attachment-60066\" class=\"wp-caption-text\">El presidente de la SRO, Eduardo Alem. (Foto: Archivo)<\/figcaption><\/figure>\n<p>&nbsp;<\/p>\n<p>En ese punto se refiri\u00f3 a que <strong>\u201cel drama que tenemos ac\u00e1 es que falta infraestructura\u201d<\/strong> y explic\u00f3 que una iniciativa similar se impuls\u00f3 desde Funsaga hace un tiempo. Esta falta de infraestructura dificulta que los peque\u00f1os productores puedan encerrar sus toros y muestrearlos. Alem, quien tambi\u00e9n es veterinario adem\u00e1s de productor, destac\u00f3 que <strong>de eso \u201cse quejan los veterinarios: ven poco probable el programa, porque siempre terminan los mismos haciendo los controles y no todos\u201d<\/strong>.<\/p>\n<p>&nbsp;<\/p>\n<blockquote><p>\u201cEs un plan integral, que lo hacen todos o ninguno\u201d subray\u00f3 el titular de la SRO para apuntar a que en ello reside el \u00e9xito de la iniciativa.<\/p><\/blockquote>\n<p>&nbsp;<\/p>\n<p>El Programa Ganado 6&#215;6 contempla financiaci\u00f3n para infraestructura rural. Sobre ese tema, el ruralista lo valor\u00f3 positivamente pero dej\u00f3 en claro que <strong>\u201cla infraestructura lleva tiempo hacerla. No se hace de un d\u00eda para el otro.<\/strong> Son muchos productores, son distintas las situaciones de cada uno\u201d.<\/p>\n<p>&nbsp;<\/p>\n<p><strong>Plazos para bloqueos<\/strong><\/p>\n<p>&nbsp;<\/p>\n<p>El Ministerio contempl\u00f3 como <strong>plazos para la verificaci\u00f3n de la realizaci\u00f3n de los testeos, a partir del 15 de octubre y del 15 de mayo<\/strong> del a\u00f1o pr\u00f3ximo seg\u00fan la escala del productor. <em>\u201cVenimos generando charlas y capacitaciones desde hace dos a\u00f1os acerca de la importancia de esto, hay un momento donde hay que comenzar, y un consenso para establecer este requisito\u201d<\/em> hab\u00eda dicho el ministro Rodr\u00edguez en Olavarr\u00eda.<\/p>\n<p>&nbsp;<\/p>\n<p><img data-recalc-dims=\"1\" loading=\"lazy\" decoding=\"async\" class=\"size-large wp-image-63612 aligncenter\" src=\"https:\/\/i0.wp.com\/cdnoticias.com\/wp-content\/uploads\/2022\/08\/rodriguezministro-olavarria.png?resize=800%2C480&#038;ssl=1\" alt=\"\" width=\"800\" height=\"480\" srcset=\"https:\/\/i0.wp.com\/cdnoticias.com\/wp-content\/uploads\/2022\/08\/rodriguezministro-olavarria.png?resize=1024%2C614&amp;ssl=1 1024w, https:\/\/i0.wp.com\/cdnoticias.com\/wp-content\/uploads\/2022\/08\/rodriguezministro-olavarria.png?resize=300%2C180&amp;ssl=1 300w, https:\/\/i0.wp.com\/cdnoticias.com\/wp-content\/uploads\/2022\/08\/rodriguezministro-olavarria.png?resize=768%2C461&amp;ssl=1 768w, https:\/\/i0.wp.com\/cdnoticias.com\/wp-content\/uploads\/2022\/08\/rodriguezministro-olavarria.png?resize=1536%2C922&amp;ssl=1 1536w, https:\/\/i0.wp.com\/cdnoticias.com\/wp-content\/uploads\/2022\/08\/rodriguezministro-olavarria.png?resize=2048%2C1229&amp;ssl=1 2048w, https:\/\/i0.wp.com\/cdnoticias.com\/wp-content\/uploads\/2022\/08\/rodriguezministro-olavarria.png?w=1600&amp;ssl=1 1600w, https:\/\/i0.wp.com\/cdnoticias.com\/wp-content\/uploads\/2022\/08\/rodriguezministro-olavarria.png?w=2400&amp;ssl=1 2400w\" sizes=\"auto, (max-width: 800px) 100vw, 800px\" \/><\/p>\n<p>&nbsp;<\/p>\n<blockquote><p>Alem indic\u00f3 que \u201cvimos con preocupaci\u00f3n los bloqueos tan inminentes que se piensan realizar de los CUIT por falta de saneamiento. Eso se plante\u00f3 y se tendr\u00eda que rever\u201d.<\/p><\/blockquote>\n<p>&nbsp;<\/p>\n<p>En referencia a los muestreos, consider\u00f3 que \u201clos tiempos no van a dar\u201d ya que <strong>\u201clos laboratorios no van a hacer tiempo, los veterinarios tampoco\u201d<\/strong>. Con ello se refiri\u00f3 a que debe contemplarse la capacidad de trabajo de los laboratorios para fijar los plazos.<\/p>\n<p>&nbsp;<\/p>\n<p>Y tambi\u00e9n cuestion\u00f3 la forma en que se dar\u00e1 el bloqueo de transporte y comercializaci\u00f3n: <strong>\u201chasta que el CUIT del productor no sanee todos los establecimientos que tenga o hacienda capitalizada o arrendada no se libera.<\/strong> Eso va a ser un problema\u201d.<\/p>\n<p>&nbsp;<\/p>\n<p>El pedido de los ruralistas de Olavarr\u00eda fue <strong>que \u201clo hagan por establecimiento, que es sencillo\u201d<\/strong> y ampli\u00f3 m\u00e1s adelante \u201clo que se plante\u00f3 fue que se vaya liberando por establecimiento muestreado\u201d.<\/p>\n<p>&nbsp;<\/p>\n<blockquote><p>\u201cHay varios temas que se plantearon, se escucharon. Nos escuch\u00f3 el ministro y el responsable veterinario, H\u00e9ctor Trotta. Quedamos en comunicaci\u00f3n, no solamente desde La Rural sino desde el Colegio Veterinario. Para que un plan perdure en el tiempo tiene que ser un poquito m\u00e1s amigable, pero la intenci\u00f3n que vimos tanto del ministro como del veterinario responsable es escucharnos y tratar de entre todos buscarle la vuelta\u201d valor\u00f3 Eduardo Alem.<\/p><\/blockquote>\n<p>&nbsp;<\/p>\n<p><img data-recalc-dims=\"1\" loading=\"lazy\" decoding=\"async\" class=\"size-full wp-image-63775 aligncenter\" src=\"https:\/\/i0.wp.com\/cdnoticias.com\/wp-content\/uploads\/2022\/08\/expoagro-eduardo-alem.jpg?resize=800%2C444&#038;ssl=1\" alt=\"\" width=\"800\" height=\"444\" srcset=\"https:\/\/i0.wp.com\/cdnoticias.com\/wp-content\/uploads\/2022\/08\/expoagro-eduardo-alem.jpg?w=800&amp;ssl=1 800w, https:\/\/i0.wp.com\/cdnoticias.com\/wp-content\/uploads\/2022\/08\/expoagro-eduardo-alem.jpg?resize=300%2C167&amp;ssl=1 300w, https:\/\/i0.wp.com\/cdnoticias.com\/wp-content\/uploads\/2022\/08\/expoagro-eduardo-alem.jpg?resize=768%2C426&amp;ssl=1 768w\" sizes=\"auto, (max-width: 800px) 100vw, 800px\" \/><\/p>\n<p>&nbsp;<\/p>\n<p><strong>\u201cSeguro habr\u00e1 pr\u00f3ximas reuniones, tanto el ministro como el profesional actuante est\u00e1n abiertos al di\u00e1logo<\/strong> y a escuchar todas las problem\u00e1ticas que son a campo, como el tema de falta de infraestructura que es un l\u00edmite f\u00edsico\u201d proyect\u00f3.<\/p>\n<p>&nbsp;<\/p>\n<p>Destac\u00f3 por \u00faltimo que con los objetivos del Ministerio de Desarrollo Agrario <strong>\u201cel concepto es muy bueno porque se puede sanear pero es un plan integral<\/strong>, tienen que estar todos de acuerdo y con la voluntad de hacerlo. Eso es fundamental. Lo m\u00e1s complicado que vemos es que todos est\u00e9n dispuestos a realizarlo y que no queden nichos donde prevalezca la enfermedad que son los que despu\u00e9s contagian. Una vez que contagian a un productor que ha hecho bien todas las cosas, que ha hecho todas las inversiones, ah\u00ed es donde no funciona el sistema\u201d.<\/p>\n<p>&nbsp;<\/p>\n<blockquote class=\"wp-embedded-content\" data-secret=\"CA3Rne4tim\"><p><a href=\"https:\/\/cdnoticias.com\/index.php\/2022\/08\/29\/javier-rodriguez-necesitamos-de-todos-y-de-todos-los-sectores\/\">Javier Rodr\u00edguez: \u201cNecesitamos de todos y de todos los sectores\u201d<\/a><\/p><\/blockquote>\n<p><iframe loading=\"lazy\" class=\"wp-embedded-content\" sandbox=\"allow-scripts\" security=\"restricted\" style=\"position: absolute; clip: rect(1px, 1px, 1px, 1px);\" title=\"&#8220;Javier Rodr\u00edguez: \u201cNecesitamos de todos y de todos los sectores\u201d&#8221; &#8212; Central de Noticias | Olavarr\u00eda\" src=\"https:\/\/cdnoticias.com\/index.php\/2022\/08\/29\/javier-rodriguez-necesitamos-de-todos-y-de-todos-los-sectores\/embed\/#?secret=bmHJFP0ZHC#?secret=CA3Rne4tim\" data-secret=\"CA3Rne4tim\" width=\"600\" height=\"338\" frameborder=\"0\" marginwidth=\"0\" marginheight=\"0\" scrolling=\"no\"><\/iframe><\/p>\n<p>&nbsp;<\/p>\n","protected":false},"excerpt":{"rendered":"<p>El presidente de la Sociedad Rural de Olavarr\u00eda se mostr\u00f3 de acuerdo con el programa provincial, pero se\u00f1al\u00f3 los l\u00edmites<\/p>\n","protected":false},"author":4,"featured_media":63825,"comment_status":"closed","ping_status":"closed","sticky":false,"template":"","format":"standard","meta":{"_jetpack_memberships_contains_paid_content":false,"footnotes":""},"categories":[5,1],"tags":[],"class_list":["post-63823","post","type-post","status-publish","format-standard","has-post-thumbnail","hentry","category-informacion-general","category-portada"],"jetpack_featured_media_url":"https:\/\/i0.wp.com\/cdnoticias.com\/wp-content\/uploads\/2022\/09\/ministro-javier-rodriguez-lanzamiento-plan-ganadero-00.jpg?fit=800%2C445&ssl=1","jetpack_sharing_enabled":true,"_links":{"self":[{"href":"https:\/\/cdnoticias.com\/index.php\/wp-json\/wp\/v2\/posts\/63823","targetHints":{"allow":["GET"]}}],"collection":[{"href":"https:\/\/cdnoticias.com\/index.php\/wp-json\/wp\/v2\/posts"}],"about":[{"href":"https:\/\/cdnoticias.com\/index.php\/wp-json\/wp\/v2\/types\/post"}],"author":[{"embeddable":true,"href":"https:\/\/cdnoticias.com\/index.php\/wp-json\/wp\/v2\/users\/4"}],"replies":[{"embeddable":true,"href":"https:\/\/cdnoticias.com\/index.php\/wp-json\/wp\/v2\/comments?post=63823"}],"version-history":[{"count":0,"href":"https:\/\/cdnoticias.com\/index.php\/wp-json\/wp\/v2\/posts\/63823\/revisions"}],"wp:featuredmedia":[{"embeddable":true,"href":"https:\/\/cdnoticias.com\/index.php\/wp-json\/wp\/v2\/media\/63825"}],"wp:attachment":[{"href":"https:\/\/cdnoticias.com\/index.php\/wp-json\/wp\/v2\/media?parent=63823"}],"wp:term":[{"taxonomy":"category","embeddable":true,"href":"https:\/\/cdnoticias.com\/index.php\/wp-json\/wp\/v2\/categories?post=63823"},{"taxonomy":"post_tag","embeddable":true,"href":"https:\/\/cdnoticias.com\/index.php\/wp-json\/wp\/v2\/tags?post=63823"}],"curies":[{"name":"wp","href":"https:\/\/api.w.org\/{rel}","templated":true}]}}