{"id":63801,"date":"2022-08-31T21:20:44","date_gmt":"2022-09-01T00:20:44","guid":{"rendered":"https:\/\/www.centraldenoticias.com.ar\/?p=63801"},"modified":"2022-09-01T07:48:32","modified_gmt":"2022-09-01T10:48:32","slug":"el-ex-defensor-oficial-martin-marcelli-declaro-ante-el-fiscal-calonje","status":"publish","type":"post","link":"https:\/\/cdnoticias.com\/index.php\/2022\/08\/31\/el-ex-defensor-oficial-martin-marcelli-declaro-ante-el-fiscal-calonje\/","title":{"rendered":"El ex defensor oficial Mart\u00edn Marcelli declar\u00f3 ante el fiscal Calonje"},"content":{"rendered":"<p>Neg\u00f3 la autor\u00eda de las tres causas por lo que se lo imputa: una de ellas es &#8220;reducci\u00f3n a estado de servidumbre en concurso real con lesiones leves calificadas por el v\u00ednculo en un contexto de violencia de g\u00e9nero (reiteradas)&#8221;.<!--more--><\/p>\n<hr \/>\n<p>Informado por Diario El Tiempo de Azul, <strong>el Defensor Oficial Mart\u00edn Marcelli declar\u00f3 ante el fiscal Ignacio Calonje y neg\u00f3 su autor\u00eda en tres causas por los que se encuentra detenido desde hace dos d\u00edas y por los cuales, transitoriamente, contin\u00faa alojado en la sede de la DDI Azul.<\/strong><\/p>\n<p>&nbsp;<\/p>\n<p>Recordemos que d\u00edas atr\u00e1s efectivos de esa seccional policial y de la DDI Tandil -contando con una orden emitida desde el Juzgado de Garant\u00edas 1 que conduce la magistrada Fabiana San Rom\u00e1n-<strong> hab\u00edan detenido a Marcelli, luego de un procedimiento que en horas de la tarde de este lunes que pas\u00f3 <a href=\"https:\/\/cdnoticias.com\/index.php\/2022\/08\/31\/el-ex-defensor-oficial-martin-marcelli-declaro-ante-el-fiscal-calonje\/\" target=\"_blank\" rel=\"noopener\">se realizara en un domicilio en barrio Pueblo Nuevo, en nuestra ciudad<\/a>.<\/strong><\/p>\n<p>&nbsp;<\/p>\n<p><img data-recalc-dims=\"1\" loading=\"lazy\" decoding=\"async\" class=\"size-full wp-image-63646 aligncenter\" src=\"https:\/\/i0.wp.com\/cdnoticias.com\/wp-content\/uploads\/2022\/08\/martin-marcelli-detenido-00.jpg?resize=800%2C445&#038;ssl=1\" alt=\"\" width=\"800\" height=\"445\" srcset=\"https:\/\/i0.wp.com\/cdnoticias.com\/wp-content\/uploads\/2022\/08\/martin-marcelli-detenido-00.jpg?w=800&amp;ssl=1 800w, https:\/\/i0.wp.com\/cdnoticias.com\/wp-content\/uploads\/2022\/08\/martin-marcelli-detenido-00.jpg?resize=300%2C167&amp;ssl=1 300w, https:\/\/i0.wp.com\/cdnoticias.com\/wp-content\/uploads\/2022\/08\/martin-marcelli-detenido-00.jpg?resize=768%2C427&amp;ssl=1 768w\" sizes=\"auto, (max-width: 800px) 100vw, 800px\" \/><\/p>\n<p>&nbsp;<\/p>\n<p>Como <strong><em>&#8220;reducci\u00f3n a estado de servidumbre en concurso real con lesiones leves calificadas por el v\u00ednculo en un contexto de violencia de g\u00e9nero (reiteradas)&#8221;<\/em><\/strong> est\u00e1 caratulado uno de los hechos por los cuales en la ma\u00f1ana de este mi\u00e9rcoles el funcionario judicial fuera indagado y declarara.<\/p>\n<p>&nbsp;<\/p>\n<p>En tanto, a tenor de lo que establece el art\u00edculo 308 del CPP, Marcelli -un abogado de 51 a\u00f1os de edad oriundo de La Plata que estuvo al frente de la Defensor\u00eda Oficial n\u00famero 3 con asiento en Olavarr\u00eda durante varios a\u00f1os- tambi\u00e9n respondi\u00f3 cuando fue interrogado sobre los dem\u00e1s il\u00edcitos que le atribuyen. <strong>Uno de ellos est\u00e1 definido como &#8220;amenazas calificadas por el uso de arma&#8221; y el otro es considerado configurativo del delito de &#8220;amenazas agravadas&#8221;.<\/strong><\/p>\n<p>&nbsp;<\/p>\n<p>Durante la audiencia realizada este mi\u00e9rcoles en Azul, el funcionario judicial estuvo asistido por <strong>Marcelo Fuche, el abogado que lo patrocina<\/strong> en esta causa penal por la que actualmente permanece privado de la libertad.<\/p>\n<p>&nbsp;<\/p>\n<p>Cabe recordar que a fines de noviembre pasado<strong> el todav\u00eda Defensor Oficial fue suspendido de sus funciones, luego de que desde La Plata hab\u00eda sido sometido a un Jurado de Enjuiciamiento por esos hechos por los cuales hoy mi\u00e9rcoles declarara en car\u00e1cter de acusado durante esa audiencia desarrollada en la UFIE, la fiscal\u00eda con sede en la casona situada en la calle Col\u00f3n de Azul.<\/strong><\/p>\n","protected":false},"excerpt":{"rendered":"<p>Neg\u00f3 la autor\u00eda de las tres causas por lo que se lo imputa: una de ellas es &#8220;reducci\u00f3n a estado<\/p>\n","protected":false},"author":2,"featured_media":63802,"comment_status":"closed","ping_status":"closed","sticky":false,"template":"","format":"standard","meta":{"_jetpack_memberships_contains_paid_content":false,"footnotes":""},"categories":[14,1],"tags":[],"class_list":["post-63801","post","type-post","status-publish","format-standard","has-post-thumbnail","hentry","category-policiales","category-portada"],"jetpack_featured_media_url":"https:\/\/i0.wp.com\/cdnoticias.com\/wp-content\/uploads\/2022\/08\/marcelli-detenido.jpeg?fit=948%2C533&ssl=1","jetpack_sharing_enabled":true,"_links":{"self":[{"href":"https:\/\/cdnoticias.com\/index.php\/wp-json\/wp\/v2\/posts\/63801","targetHints":{"allow":["GET"]}}],"collection":[{"href":"https:\/\/cdnoticias.com\/index.php\/wp-json\/wp\/v2\/posts"}],"about":[{"href":"https:\/\/cdnoticias.com\/index.php\/wp-json\/wp\/v2\/types\/post"}],"author":[{"embeddable":true,"href":"https:\/\/cdnoticias.com\/index.php\/wp-json\/wp\/v2\/users\/2"}],"replies":[{"embeddable":true,"href":"https:\/\/cdnoticias.com\/index.php\/wp-json\/wp\/v2\/comments?post=63801"}],"version-history":[{"count":0,"href":"https:\/\/cdnoticias.com\/index.php\/wp-json\/wp\/v2\/posts\/63801\/revisions"}],"wp:featuredmedia":[{"embeddable":true,"href":"https:\/\/cdnoticias.com\/index.php\/wp-json\/wp\/v2\/media\/63802"}],"wp:attachment":[{"href":"https:\/\/cdnoticias.com\/index.php\/wp-json\/wp\/v2\/media?parent=63801"}],"wp:term":[{"taxonomy":"category","embeddable":true,"href":"https:\/\/cdnoticias.com\/index.php\/wp-json\/wp\/v2\/categories?post=63801"},{"taxonomy":"post_tag","embeddable":true,"href":"https:\/\/cdnoticias.com\/index.php\/wp-json\/wp\/v2\/tags?post=63801"}],"curies":[{"name":"wp","href":"https:\/\/api.w.org\/{rel}","templated":true}]}}