{"id":6380,"date":"2020-11-13T12:11:22","date_gmt":"2020-11-13T15:11:22","guid":{"rendered":"http:\/\/www.centraldenoticias.com.ar\/?p=6380"},"modified":"2020-11-13T12:11:22","modified_gmt":"2020-11-13T15:11:22","slug":"piden-la-colaboracion-de-la-comunidad-para-encontrar-a-un-hombre-de-43-anos","status":"publish","type":"post","link":"https:\/\/cdnoticias.com\/index.php\/2020\/11\/13\/piden-la-colaboracion-de-la-comunidad-para-encontrar-a-un-hombre-de-43-anos\/","title":{"rendered":"Piden la colaboraci\u00f3n de la comunidad para encontrar a un hombre de 43 a\u00f1os"},"content":{"rendered":"<p>&nbsp;<\/p>\n<p>Se trata de una persona que se ausent\u00f3 de su casa durante la jornada del jueves. Personal policial solicit\u00f3 la ayuda de la comunidad para dar con su paradero.<!--more--><\/p>\n<hr \/>\n<p>Un hombre de 43 a\u00f1os se ausent\u00f3 de su domicilio el d\u00eda jueves y <strong>es buscado intensamente por personal policial, qui\u00e9n solicit\u00f3 la ayuda de la comunidad para dar con su paradero.<\/strong><\/p>\n<p>&nbsp;<\/p>\n<p>Se trata de <strong>Carlos Javier Chersich.<\/strong> Un hombre de 43 a\u00f1os, de cabello corto casta\u00f1o oscuro, delgado, ojos marrones, de 1,65 metros de altura.<\/p>\n<p>&nbsp;<\/p>\n<p>Quienes puedan aportar datos de inter\u00e9s, pueden acercarse a las diferentes sedes policiales o comunicarse a los tel\u00e9fonos de la <strong>comisar\u00eda Primera 423968; Sub DDI 431065; o al 911.<\/strong><\/p>\n<p>&nbsp;<\/p>\n<p>Por el hecho se instruye una causa caratulada como <strong>\u201caveriguaci\u00f3n de paradero\u201d<\/strong> a cargo del Dr. Christian Urlezaga de la UFI N\u00b0 7.<\/p>\n","protected":false},"excerpt":{"rendered":"<p>&nbsp; Se trata de una persona que se ausent\u00f3 de su casa durante la jornada del jueves. Personal policial solicit\u00f3<\/p>\n","protected":false},"author":5,"featured_media":6382,"comment_status":"closed","ping_status":"closed","sticky":false,"template":"","format":"standard","meta":{"_jetpack_memberships_contains_paid_content":false,"footnotes":""},"categories":[5,1],"tags":[],"class_list":["post-6380","post","type-post","status-publish","format-standard","has-post-thumbnail","hentry","category-informacion-general","category-portada"],"jetpack_featured_media_url":"https:\/\/i0.wp.com\/cdnoticias.com\/wp-content\/uploads\/2020\/11\/WhatsApp-Image-2020-11-13-at-11.49.29.jpeg?fit=931%2C871&ssl=1","jetpack_sharing_enabled":true,"_links":{"self":[{"href":"https:\/\/cdnoticias.com\/index.php\/wp-json\/wp\/v2\/posts\/6380","targetHints":{"allow":["GET"]}}],"collection":[{"href":"https:\/\/cdnoticias.com\/index.php\/wp-json\/wp\/v2\/posts"}],"about":[{"href":"https:\/\/cdnoticias.com\/index.php\/wp-json\/wp\/v2\/types\/post"}],"author":[{"embeddable":true,"href":"https:\/\/cdnoticias.com\/index.php\/wp-json\/wp\/v2\/users\/5"}],"replies":[{"embeddable":true,"href":"https:\/\/cdnoticias.com\/index.php\/wp-json\/wp\/v2\/comments?post=6380"}],"version-history":[{"count":0,"href":"https:\/\/cdnoticias.com\/index.php\/wp-json\/wp\/v2\/posts\/6380\/revisions"}],"wp:featuredmedia":[{"embeddable":true,"href":"https:\/\/cdnoticias.com\/index.php\/wp-json\/wp\/v2\/media\/6382"}],"wp:attachment":[{"href":"https:\/\/cdnoticias.com\/index.php\/wp-json\/wp\/v2\/media?parent=6380"}],"wp:term":[{"taxonomy":"category","embeddable":true,"href":"https:\/\/cdnoticias.com\/index.php\/wp-json\/wp\/v2\/categories?post=6380"},{"taxonomy":"post_tag","embeddable":true,"href":"https:\/\/cdnoticias.com\/index.php\/wp-json\/wp\/v2\/tags?post=6380"}],"curies":[{"name":"wp","href":"https:\/\/api.w.org\/{rel}","templated":true}]}}