{"id":63782,"date":"2022-09-01T19:58:19","date_gmt":"2022-09-01T22:58:19","guid":{"rendered":"https:\/\/www.centraldenoticias.com.ar\/?p=63782"},"modified":"2022-09-01T19:58:19","modified_gmt":"2022-09-01T22:58:19","slug":"lanzamiento-regional-del-instituto-republica-en-olavarria","status":"publish","type":"post","link":"https:\/\/cdnoticias.com\/index.php\/2022\/09\/01\/lanzamiento-regional-del-instituto-republica-en-olavarria\/","title":{"rendered":"Lanzamiento regional del Instituto Rep\u00fablica en Olavarr\u00eda"},"content":{"rendered":"<p>Lo confirm\u00f3 el intendente Ezequiel Galli. Ser\u00e1 el mi\u00e9rcoles 7 de septiembre. <!--more--><\/p>\n<hr \/>\n<p>El <strong>intendente Ezequiel Galli<\/strong> public\u00f3 en sus redes sociales que se<strong> inaugura el Instituto Rep\u00fablica.\u00a0<\/strong>Ser\u00e1 el<strong> mi\u00e9rcoles 7 de septiembre a las 19:00.<\/strong> La sede ser\u00e1 en <strong>Vicente L\u00f3pez 3246.\u00a0<\/strong><\/p>\n<p>&nbsp;<\/p>\n<p>Al respecto, <strong>Ezequiel Galli<\/strong> manifest\u00f3 que \u201ctenemos muchas expectativas con la llegada de la sede regional del<strong> Instituto Rep\u00fablica a Olavarr\u00eda porque es un espacio de formaci\u00f3n<\/strong> que cuenta con dirigentes de la talla de Fern\u00e1n Quir\u00f3s, Florencia Arietto, Rogelio Frigerio, la doctora Paula Zignoni, entre otros\u201d.<\/p>\n<p>&nbsp;<\/p>\n<p><img data-recalc-dims=\"1\" loading=\"lazy\" decoding=\"async\" class=\"aligncenter wp-image-63783 size-full\" src=\"https:\/\/i0.wp.com\/cdnoticias.com\/wp-content\/uploads\/2022\/08\/FbhLNrkXEAMsvJ9.jpg?resize=800%2C760&#038;ssl=1\" alt=\"\" width=\"800\" height=\"760\" srcset=\"https:\/\/i0.wp.com\/cdnoticias.com\/wp-content\/uploads\/2022\/08\/FbhLNrkXEAMsvJ9.jpg?w=1024&amp;ssl=1 1024w, https:\/\/i0.wp.com\/cdnoticias.com\/wp-content\/uploads\/2022\/08\/FbhLNrkXEAMsvJ9.jpg?resize=300%2C285&amp;ssl=1 300w, https:\/\/i0.wp.com\/cdnoticias.com\/wp-content\/uploads\/2022\/08\/FbhLNrkXEAMsvJ9.jpg?resize=768%2C730&amp;ssl=1 768w\" sizes=\"auto, (max-width: 800px) 100vw, 800px\" \/><\/p>\n<p>&nbsp;<\/p>\n<p>Adem\u00e1s, el referente seccional del PRO indic\u00f3 que \u201c<strong>la creaci\u00f3n de este espacio de debate y formaci\u00f3n es una iniciativa de Horacio Rodr\u00edguez Larreta y Diego Santilli para mejorar la institucionalidad y la vida pol\u00edtica de nuestro pa\u00eds\u201d.<\/strong><\/p>\n<p>&nbsp;<\/p>\n<p>&#8220;El <strong>#InstitutoRep\u00fablica es un lugar de formaci\u00f3n y aprendizaje, de encuentro e intercambio. Un espacio donde se forman l\u00edderes pol\u00edticos, con el objetivo de seguir transformando el lugar en el que vivimos. Agend\u00e1 la fecha, queremos que seas parte<\/strong>. \u00a1Te esperamos!&#8221; public\u00f3 el intendente en sus redes sociales.<\/p>\n<p>&nbsp;<\/p>\n<p>&nbsp;<\/p>\n","protected":false},"excerpt":{"rendered":"<p>Lo confirm\u00f3 el intendente Ezequiel Galli. Ser\u00e1 el mi\u00e9rcoles 7 de septiembre.<\/p>\n","protected":false},"author":6,"featured_media":57628,"comment_status":"closed","ping_status":"closed","sticky":false,"template":"","format":"standard","meta":{"_jetpack_memberships_contains_paid_content":false,"footnotes":""},"categories":[4,1],"tags":[],"class_list":["post-63782","post","type-post","status-publish","format-standard","has-post-thumbnail","hentry","category-politica","category-portada"],"jetpack_featured_media_url":"https:\/\/i0.wp.com\/cdnoticias.com\/wp-content\/uploads\/2022\/06\/galli-entrevista-facultad-2.jpeg?fit=1280%2C853&ssl=1","jetpack_sharing_enabled":true,"_links":{"self":[{"href":"https:\/\/cdnoticias.com\/index.php\/wp-json\/wp\/v2\/posts\/63782","targetHints":{"allow":["GET"]}}],"collection":[{"href":"https:\/\/cdnoticias.com\/index.php\/wp-json\/wp\/v2\/posts"}],"about":[{"href":"https:\/\/cdnoticias.com\/index.php\/wp-json\/wp\/v2\/types\/post"}],"author":[{"embeddable":true,"href":"https:\/\/cdnoticias.com\/index.php\/wp-json\/wp\/v2\/users\/6"}],"replies":[{"embeddable":true,"href":"https:\/\/cdnoticias.com\/index.php\/wp-json\/wp\/v2\/comments?post=63782"}],"version-history":[{"count":0,"href":"https:\/\/cdnoticias.com\/index.php\/wp-json\/wp\/v2\/posts\/63782\/revisions"}],"wp:featuredmedia":[{"embeddable":true,"href":"https:\/\/cdnoticias.com\/index.php\/wp-json\/wp\/v2\/media\/57628"}],"wp:attachment":[{"href":"https:\/\/cdnoticias.com\/index.php\/wp-json\/wp\/v2\/media?parent=63782"}],"wp:term":[{"taxonomy":"category","embeddable":true,"href":"https:\/\/cdnoticias.com\/index.php\/wp-json\/wp\/v2\/categories?post=63782"},{"taxonomy":"post_tag","embeddable":true,"href":"https:\/\/cdnoticias.com\/index.php\/wp-json\/wp\/v2\/tags?post=63782"}],"curies":[{"name":"wp","href":"https:\/\/api.w.org\/{rel}","templated":true}]}}