{"id":63709,"date":"2022-08-30T20:05:30","date_gmt":"2022-08-30T23:05:30","guid":{"rendered":"https:\/\/www.centraldenoticias.com.ar\/?p=63709"},"modified":"2022-08-31T07:52:48","modified_gmt":"2022-08-31T10:52:48","slug":"no-crei-que-iban-a-llegar-a-tanto-que-se-iban-a-meter-con-discapacidad-con-el-sector-mas-vulnerable","status":"publish","type":"post","link":"https:\/\/cdnoticias.com\/index.php\/2022\/08\/30\/no-crei-que-iban-a-llegar-a-tanto-que-se-iban-a-meter-con-discapacidad-con-el-sector-mas-vulnerable\/","title":{"rendered":"&#8220;No cre\u00ed que iban a llegar a tanto, que se iban a meter con discapacidad, con el sector m\u00e1s vulnerable&#8221;"},"content":{"rendered":"<p>As\u00ed lo indico Gisele Burgart del Centro de Apoyo a la Inclusi\u00f3n Escolar Matriz en la importante movilizaci\u00f3n para reclamar &#8220;recortes&#8221; en el \u00e1rea de acompa\u00f1amiento a personas con discapacidad. Los profesionales indicaron que no cobran sus honorarios a tiempo y pidieron &#8220;no al ajuste&#8221;.<br \/>\n<!--more--><\/p>\n<hr \/>\n<p>Este martes por la tarde se llev\u00f3 a cabo en el Paseo Jes\u00fas Mend\u00eda la<strong> concentraci\u00f3n y protesta &#8220;Discapacidad en emergencia nacional&#8221;<\/strong> con <strong>importante presencia de manifestantes<\/strong> que, con pancartas y ante un fuerte aplauso sostenido, caminaron por las calles de Microcentro con un reclamo y un lema contundente: <strong>&#8220;No al ajuste en discapacidad&#8221;.<\/strong><\/p>\n<p>&nbsp;<\/p>\n<p>Los manifestantes se concentraron para pedir<strong> no al recorte en discapacidad<\/strong> y que<strong> los profesionales cobren sus honorarios a tiempo.<\/strong><\/p>\n<p>&nbsp;<\/p>\n<p><img data-recalc-dims=\"1\" loading=\"lazy\" decoding=\"async\" class=\"aligncenter wp-image-63724 size-full\" src=\"https:\/\/i0.wp.com\/cdnoticias.com\/wp-content\/uploads\/2022\/08\/MarchaDiscapacidad096_5.jpg?resize=720%2C480&#038;ssl=1\" alt=\"\" width=\"720\" height=\"480\" srcset=\"https:\/\/i0.wp.com\/cdnoticias.com\/wp-content\/uploads\/2022\/08\/MarchaDiscapacidad096_5.jpg?w=720&amp;ssl=1 720w, https:\/\/i0.wp.com\/cdnoticias.com\/wp-content\/uploads\/2022\/08\/MarchaDiscapacidad096_5.jpg?resize=300%2C200&amp;ssl=1 300w, https:\/\/i0.wp.com\/cdnoticias.com\/wp-content\/uploads\/2022\/08\/MarchaDiscapacidad096_5.jpg?resize=272%2C182&amp;ssl=1 272w\" sizes=\"auto, (max-width: 720px) 100vw, 720px\" \/><\/p>\n<p>&nbsp;<\/p>\n<p>En la marcha (de una cuadra de extensi\u00f3n) se pudo ver, entre otras presencias pol\u00edticas, a la presidenta del HCD, <strong>Cecilia Krivochen<\/strong>, las concejales <strong>Guillermina Amespil<\/strong> y <strong>Maite Salerno<\/strong> (Juntos), <strong>Bel\u00e9n Vergel<\/strong> (UCR-Juntos), la referente del \u00e1rea de Discapacidad del Municipio, <strong>Romina Sponer<\/strong>, el subsecretario de Deportes y Recreaci\u00f3n <strong>Juan Agust\u00edn Galli,<\/strong> la militante <strong>Madame L\u00fa,<\/strong> entre otros.<\/p>\n<p>&nbsp;<\/p>\n<p><img data-recalc-dims=\"1\" loading=\"lazy\" decoding=\"async\" class=\"aligncenter wp-image-63720 size-full\" src=\"https:\/\/i0.wp.com\/cdnoticias.com\/wp-content\/uploads\/2022\/08\/MarchaDiscapacidad096.jpg?resize=720%2C480&#038;ssl=1\" alt=\"\" width=\"720\" height=\"480\" srcset=\"https:\/\/i0.wp.com\/cdnoticias.com\/wp-content\/uploads\/2022\/08\/MarchaDiscapacidad096.jpg?w=720&amp;ssl=1 720w, https:\/\/i0.wp.com\/cdnoticias.com\/wp-content\/uploads\/2022\/08\/MarchaDiscapacidad096.jpg?resize=300%2C200&amp;ssl=1 300w, https:\/\/i0.wp.com\/cdnoticias.com\/wp-content\/uploads\/2022\/08\/MarchaDiscapacidad096.jpg?resize=272%2C182&amp;ssl=1 272w\" sizes=\"auto, (max-width: 720px) 100vw, 720px\" \/><\/p>\n<p>&nbsp;<\/p>\n<p>&#8220;Estamos pasando un momento sumamente dif\u00edcil, no sabemos que va a pasar en el territorio y en el campo de la discapacidad. <strong>El ajuste se viene en grande as\u00ed que esperamos que nuestra voz sea escuchada y nuestro reclamo realmente sea efectivo<\/strong>&#8221; indicaron.<\/p>\n<p>&nbsp;<\/p>\n<p>Adem\u00e1s agregaron que &#8220;esto perjudica a un mont\u00f3n de argentinos, a un mont\u00f3n de nenes que realmente necesitan las prestaciones d\u00eda a d\u00eda, educativas y terap\u00e9uticas as\u00ed que <strong>rogamos que los ajustes y los recortes sean por otro lado, no por donde m\u00e1s se necesita y justamente el sector m\u00e1s vulnerado. No al ajuste<\/strong>&#8221; remarcaron.<\/p>\n<p>&nbsp;<\/p>\n<p><img data-recalc-dims=\"1\" loading=\"lazy\" decoding=\"async\" class=\"aligncenter wp-image-63728 size-full\" src=\"https:\/\/i0.wp.com\/cdnoticias.com\/wp-content\/uploads\/2022\/08\/MarchaDiscapacidad096_9.jpg?resize=720%2C480&#038;ssl=1\" alt=\"\" width=\"720\" height=\"480\" srcset=\"https:\/\/i0.wp.com\/cdnoticias.com\/wp-content\/uploads\/2022\/08\/MarchaDiscapacidad096_9.jpg?w=720&amp;ssl=1 720w, https:\/\/i0.wp.com\/cdnoticias.com\/wp-content\/uploads\/2022\/08\/MarchaDiscapacidad096_9.jpg?resize=300%2C200&amp;ssl=1 300w, https:\/\/i0.wp.com\/cdnoticias.com\/wp-content\/uploads\/2022\/08\/MarchaDiscapacidad096_9.jpg?resize=272%2C182&amp;ssl=1 272w\" sizes=\"auto, (max-width: 720px) 100vw, 720px\" \/><\/p>\n<p>&nbsp;<\/p>\n<p>&#8220;Mi hijo depende de las terapias, necesita ese apoyo que lo tengo desde que naci\u00f3, sin las terapias mi hijo no va a poder. <strong>Por favor le pido al gobierno que no ajuste ac\u00e1, que no recorte ac\u00e1 porque jode la vida de muchas personas<\/strong>&#8221; explic\u00f3 uno de los padres presentes en la marcha.<\/p>\n<p>&nbsp;<\/p>\n<p><img data-recalc-dims=\"1\" loading=\"lazy\" decoding=\"async\" class=\"aligncenter wp-image-63727 size-full\" src=\"https:\/\/i0.wp.com\/cdnoticias.com\/wp-content\/uploads\/2022\/08\/MarchaDiscapacidad096_8.jpg?resize=720%2C480&#038;ssl=1\" alt=\"\" width=\"720\" height=\"480\" srcset=\"https:\/\/i0.wp.com\/cdnoticias.com\/wp-content\/uploads\/2022\/08\/MarchaDiscapacidad096_8.jpg?w=720&amp;ssl=1 720w, https:\/\/i0.wp.com\/cdnoticias.com\/wp-content\/uploads\/2022\/08\/MarchaDiscapacidad096_8.jpg?resize=300%2C200&amp;ssl=1 300w, https:\/\/i0.wp.com\/cdnoticias.com\/wp-content\/uploads\/2022\/08\/MarchaDiscapacidad096_8.jpg?resize=272%2C182&amp;ssl=1 272w\" sizes=\"auto, (max-width: 720px) 100vw, 720px\" \/><\/p>\n<p>&nbsp;<\/p>\n<p>&#8220;Nos autoconvocamos profesionales, familias y personas con discapacidad para <strong>pedir al gobierno nacional bajo el decreto de Massa no al ajuste en discapacidad<\/strong>&#8221; indic\u00f3 Gisele Burgart.<\/p>\n<p>&nbsp;<\/p>\n<p>Adem\u00e1s agreg\u00f3 que &#8220;<strong>tenemos un atraso en el mes de agosto de los pagos correspondientes de junio,<\/strong> es decir, en el mejor de los casos los pagos que est\u00e1n atrasados corresponden a las prestaciones brindadas en junio. Nos avisaron que podr\u00edan llegar a abonar esos pagos reci\u00e9n en la primera quincena de septiembre&#8221;.<\/p>\n<p>&nbsp;<\/p>\n<p><img data-recalc-dims=\"1\" loading=\"lazy\" decoding=\"async\" class=\"aligncenter wp-image-63731 size-full\" src=\"https:\/\/i0.wp.com\/cdnoticias.com\/wp-content\/uploads\/2022\/08\/MarchaDiscapacidad096_12.jpg?resize=720%2C480&#038;ssl=1\" alt=\"\" width=\"720\" height=\"480\" srcset=\"https:\/\/i0.wp.com\/cdnoticias.com\/wp-content\/uploads\/2022\/08\/MarchaDiscapacidad096_12.jpg?w=720&amp;ssl=1 720w, https:\/\/i0.wp.com\/cdnoticias.com\/wp-content\/uploads\/2022\/08\/MarchaDiscapacidad096_12.jpg?resize=300%2C200&amp;ssl=1 300w, https:\/\/i0.wp.com\/cdnoticias.com\/wp-content\/uploads\/2022\/08\/MarchaDiscapacidad096_12.jpg?resize=272%2C182&amp;ssl=1 272w\" sizes=\"auto, (max-width: 720px) 100vw, 720px\" \/><\/p>\n<p>&nbsp;<\/p>\n<p>&#8220;El problema viene con que <strong>el ajuste se va a dar al fondo solidario<\/strong> que Naci\u00f3n aporta a las obras sociales todos los meses para que las obras sociales tanto medicinas prepagas como sindicalistas paguen a todos los prestadores el 100% de las prestaciones dadas. El gobierno nacional quiere sacar ese fondo de distribuci\u00f3n solidaria a lo cual las obras sociales deber\u00edan hacerse cargo de eso y <strong>sabemos que no lo van a hacer por lo cual est\u00e1n en peligro realmente todas las prestaciones de discapacidad&#8221;<\/strong> explic\u00f3 Burgart.<\/p>\n<p>&nbsp;<\/p>\n<p>&#8220;<strong>Es realmente una situaci\u00f3n muy compleja a nivel pa\u00eds. No cre\u00ed que iban a llegar a tanto que se iban a meter con discapacidad, con el sector m\u00e1s vulnerable&#8221;.<\/strong><\/p>\n<p>&nbsp;<\/p>\n<p>Por \u00faltimo, en cuanto a los tratamientos agreg\u00f3 que &#8220;si hay un corte en el tratamiento se da una discontinuidad en los avances, es un riesgo que no podemos estar cubriendo en este momento&#8221;.<\/p>\n<p>&nbsp;<\/p>\n<p><img data-recalc-dims=\"1\" loading=\"lazy\" decoding=\"async\" class=\"aligncenter wp-image-63730 size-full\" src=\"https:\/\/i0.wp.com\/cdnoticias.com\/wp-content\/uploads\/2022\/08\/MarchaDiscapacidad096_11.jpg?resize=720%2C480&#038;ssl=1\" alt=\"\" width=\"720\" height=\"480\" srcset=\"https:\/\/i0.wp.com\/cdnoticias.com\/wp-content\/uploads\/2022\/08\/MarchaDiscapacidad096_11.jpg?w=720&amp;ssl=1 720w, https:\/\/i0.wp.com\/cdnoticias.com\/wp-content\/uploads\/2022\/08\/MarchaDiscapacidad096_11.jpg?resize=300%2C200&amp;ssl=1 300w, https:\/\/i0.wp.com\/cdnoticias.com\/wp-content\/uploads\/2022\/08\/MarchaDiscapacidad096_11.jpg?resize=272%2C182&amp;ssl=1 272w\" sizes=\"auto, (max-width: 720px) 100vw, 720px\" \/><\/p>\n<p>&nbsp;<\/p>\n<p>&nbsp;<\/p>\n","protected":false},"excerpt":{"rendered":"<p>As\u00ed lo indico Gisele Burgart del Centro de Apoyo a la Inclusi\u00f3n Escolar Matriz en la importante movilizaci\u00f3n para reclamar<\/p>\n","protected":false},"author":6,"featured_media":63725,"comment_status":"closed","ping_status":"closed","sticky":false,"template":"","format":"standard","meta":{"_jetpack_memberships_contains_paid_content":false,"footnotes":""},"categories":[5,1],"tags":[],"class_list":["post-63709","post","type-post","status-publish","format-standard","has-post-thumbnail","hentry","category-informacion-general","category-portada"],"jetpack_featured_media_url":"https:\/\/i0.wp.com\/cdnoticias.com\/wp-content\/uploads\/2022\/08\/MarchaDiscapacidad096_6.jpg?fit=720%2C480&ssl=1","jetpack_sharing_enabled":true,"_links":{"self":[{"href":"https:\/\/cdnoticias.com\/index.php\/wp-json\/wp\/v2\/posts\/63709","targetHints":{"allow":["GET"]}}],"collection":[{"href":"https:\/\/cdnoticias.com\/index.php\/wp-json\/wp\/v2\/posts"}],"about":[{"href":"https:\/\/cdnoticias.com\/index.php\/wp-json\/wp\/v2\/types\/post"}],"author":[{"embeddable":true,"href":"https:\/\/cdnoticias.com\/index.php\/wp-json\/wp\/v2\/users\/6"}],"replies":[{"embeddable":true,"href":"https:\/\/cdnoticias.com\/index.php\/wp-json\/wp\/v2\/comments?post=63709"}],"version-history":[{"count":0,"href":"https:\/\/cdnoticias.com\/index.php\/wp-json\/wp\/v2\/posts\/63709\/revisions"}],"wp:featuredmedia":[{"embeddable":true,"href":"https:\/\/cdnoticias.com\/index.php\/wp-json\/wp\/v2\/media\/63725"}],"wp:attachment":[{"href":"https:\/\/cdnoticias.com\/index.php\/wp-json\/wp\/v2\/media?parent=63709"}],"wp:term":[{"taxonomy":"category","embeddable":true,"href":"https:\/\/cdnoticias.com\/index.php\/wp-json\/wp\/v2\/categories?post=63709"},{"taxonomy":"post_tag","embeddable":true,"href":"https:\/\/cdnoticias.com\/index.php\/wp-json\/wp\/v2\/tags?post=63709"}],"curies":[{"name":"wp","href":"https:\/\/api.w.org\/{rel}","templated":true}]}}