{"id":63702,"date":"2022-08-31T18:00:18","date_gmt":"2022-08-31T21:00:18","guid":{"rendered":"https:\/\/www.centraldenoticias.com.ar\/?p=63702"},"modified":"2022-08-31T18:00:18","modified_gmt":"2022-08-31T21:00:18","slug":"segunda-edicion-del-fondo-reactivo-cultural","status":"publish","type":"post","link":"https:\/\/cdnoticias.com\/index.php\/2022\/08\/31\/segunda-edicion-del-fondo-reactivo-cultural\/","title":{"rendered":"Segunda edici\u00f3n del &#8220;Fondo Reactivo Cultural&#8221;"},"content":{"rendered":"<p>Los proyectos se podr\u00e1n presentar hasta el 12 de septiembre. Los detalles. <!--more--><\/p>\n<hr \/>\n<p>&nbsp;<\/p>\n<p>Comienza la <strong>segunda edici\u00f3n del &#8220;Fondo Reactivo Cultural<\/strong>&#8221; la cual se enmarca en <strong>Programa EMERGER<\/strong> de la Universidad Nacional del Centro de la Provincia de Buenos Aires (UNICEN) coordinado por el \u00c1rea Cultura. En el caso de Olavarr\u00eda ser\u00e1 a trav\u00e9s de la Facultad de Ciencias Sociales\/ Centro Cultural Universitario UNICEN sede Olavarr\u00eda.<\/p>\n<p>&nbsp;<\/p>\n<p>El Fondo Reactivo Cultural <strong>consiste en una convocatoria destinada a apoyar econ\u00f3micamente a Proyectos Art\u00edsticos Independientes<\/strong> con el fin de acompa\u00f1ar a las\/os trabajadoras\/es de la cultura de nuestra ciudad. En tal sentido,<strong> las propuestas ganadoras recibir\u00e1n un apoyo econ\u00f3mico<\/strong> extraordinario <strong>que constar\u00e1 de un pago \u00fanico de $50.000.<\/strong><\/p>\n<p>&nbsp;<\/p>\n<p><img data-recalc-dims=\"1\" loading=\"lazy\" decoding=\"async\" class=\"aligncenter wp-image-63703 size-large\" src=\"https:\/\/i0.wp.com\/cdnoticias.com\/wp-content\/uploads\/2022\/08\/fondo.jpg?resize=800%2C800&#038;ssl=1\" alt=\"\" width=\"800\" height=\"800\" srcset=\"https:\/\/i0.wp.com\/cdnoticias.com\/wp-content\/uploads\/2022\/08\/fondo.jpg?resize=1024%2C1024&amp;ssl=1 1024w, https:\/\/i0.wp.com\/cdnoticias.com\/wp-content\/uploads\/2022\/08\/fondo.jpg?resize=300%2C300&amp;ssl=1 300w, https:\/\/i0.wp.com\/cdnoticias.com\/wp-content\/uploads\/2022\/08\/fondo.jpg?resize=150%2C150&amp;ssl=1 150w, https:\/\/i0.wp.com\/cdnoticias.com\/wp-content\/uploads\/2022\/08\/fondo.jpg?resize=768%2C767&amp;ssl=1 768w, https:\/\/i0.wp.com\/cdnoticias.com\/wp-content\/uploads\/2022\/08\/fondo.jpg?w=1200&amp;ssl=1 1200w\" sizes=\"auto, (max-width: 800px) 100vw, 800px\" \/><\/p>\n<p>&nbsp;<\/p>\n<p>Los<strong> proyectos, que podr\u00e1n presentar hasta el 12 de septiembre, <\/strong>deber\u00e1n ser desarrollados en nuestra ciudad y podr\u00e1n enmarcarse en las disciplinas artes esc\u00e9nicas, artes audiovisuales y multimediales, artes sonoras, literatura, artes visuales o interdisciplinarios, etc.<\/p>\n<p>&nbsp;<\/p>\n<p>Los interesados pueden consultar al correo electr\u00f3nico: reactivocultural2022@gmail.com<\/p>\n<p>Inscripci\u00f3n: https:\/\/forms.gle\/vthA2XRbQbgVtYu6A<\/p>\n<p>Bases: https:\/\/bit.ly\/3BCdUBK<\/p>\n<p>&nbsp;<\/p>\n","protected":false},"excerpt":{"rendered":"<p>Los proyectos se podr\u00e1n presentar hasta el 12 de septiembre. Los detalles.<\/p>\n","protected":false},"author":6,"featured_media":62284,"comment_status":"closed","ping_status":"closed","sticky":false,"template":"","format":"standard","meta":{"_jetpack_memberships_contains_paid_content":false,"footnotes":""},"categories":[9,1],"tags":[],"class_list":["post-63702","post","type-post","status-publish","format-standard","has-post-thumbnail","hentry","category-cultura","category-portada"],"jetpack_featured_media_url":"https:\/\/i0.wp.com\/cdnoticias.com\/wp-content\/uploads\/2022\/08\/Firma-Convenio-Fondo-Reactivo-Cultural-2-scaled-1.jpg?fit=2560%2C1711&ssl=1","jetpack_sharing_enabled":true,"_links":{"self":[{"href":"https:\/\/cdnoticias.com\/index.php\/wp-json\/wp\/v2\/posts\/63702","targetHints":{"allow":["GET"]}}],"collection":[{"href":"https:\/\/cdnoticias.com\/index.php\/wp-json\/wp\/v2\/posts"}],"about":[{"href":"https:\/\/cdnoticias.com\/index.php\/wp-json\/wp\/v2\/types\/post"}],"author":[{"embeddable":true,"href":"https:\/\/cdnoticias.com\/index.php\/wp-json\/wp\/v2\/users\/6"}],"replies":[{"embeddable":true,"href":"https:\/\/cdnoticias.com\/index.php\/wp-json\/wp\/v2\/comments?post=63702"}],"version-history":[{"count":0,"href":"https:\/\/cdnoticias.com\/index.php\/wp-json\/wp\/v2\/posts\/63702\/revisions"}],"wp:featuredmedia":[{"embeddable":true,"href":"https:\/\/cdnoticias.com\/index.php\/wp-json\/wp\/v2\/media\/62284"}],"wp:attachment":[{"href":"https:\/\/cdnoticias.com\/index.php\/wp-json\/wp\/v2\/media?parent=63702"}],"wp:term":[{"taxonomy":"category","embeddable":true,"href":"https:\/\/cdnoticias.com\/index.php\/wp-json\/wp\/v2\/categories?post=63702"},{"taxonomy":"post_tag","embeddable":true,"href":"https:\/\/cdnoticias.com\/index.php\/wp-json\/wp\/v2\/tags?post=63702"}],"curies":[{"name":"wp","href":"https:\/\/api.w.org\/{rel}","templated":true}]}}