{"id":637,"date":"2020-09-03T08:57:47","date_gmt":"2020-09-03T11:57:47","guid":{"rendered":"http:\/\/www.centraldenoticias.com.ar\/?p=637"},"modified":"2020-09-03T08:57:26","modified_gmt":"2020-09-03T11:57:26","slug":"carlos-bianco-sobre-olavarria-tenemos-que-seguir-priorizando-la-salud","status":"publish","type":"post","link":"https:\/\/cdnoticias.com\/index.php\/2020\/09\/03\/carlos-bianco-sobre-olavarria-tenemos-que-seguir-priorizando-la-salud\/","title":{"rendered":"Carlos Bianco, sobre Olavarr\u00eda: \u201ctenemos que seguir priorizando la Salud\u201d"},"content":{"rendered":"<p>El Jefe de Gabinete de la Provincia dialog\u00f3 con el periodista Mart\u00edn Rodr\u00edguez de Radio Olavarr\u00eda y dej\u00f3 en claro que el sistema de Fases no tendr\u00e1 m\u00e1s flexibilizaciones. \u201cHemos sido muy claros, no fue un sistema impuesto\u201d dijo. Indic\u00f3 que entiende a los sectores que reclaman pero \u201ctenemos que seguir priorizando la salud\u201d.<!--more--><\/p>\n<p>_____________________________<\/p>\n<p>En la ma\u00f1ana de este jueves, <strong>el jefe de Gabinete de la Provincia de Buenos Aires, Carlos Bianco<\/strong>, confirm\u00f3 en di\u00e1logo con el periodista Mart\u00edn Rodr\u00edguez de Radio Olavarr\u00eda que<strong> el sistema de fases no tendr\u00e1 m\u00e1s flexibilizaciones y que continuar\u00e1 tal como est\u00e1. Nuestra ciudad regres\u00f3 a Fase 4 el pasado lunes.<\/strong><\/p>\n<p>&nbsp;<\/p>\n<p><em>\u201cHemos sido muy claros desde el comienzo con el sistema de fases\u201d<\/em> destac\u00f3 de forma contundente el funcionario y aclar\u00f3 que <em>\u201cno es un sistema que impuso sobre los Municipios ni mucho menos, sino que lo hemos desarrollado de manera consensuada y a partir de recomendaciones muy interesantes que nos han hecho varios intendentes, muchos de la fuerza pol\u00edtica de Juntos por el Cambio\u201d.<\/em><\/p>\n<p>&nbsp;<\/p>\n<blockquote><p>\u201cLa Provincia no impuso un sistema para que los Municipios abran o cierren actividades. Estamos trabajando a pedido\u201d agreg\u00f3 y confirm\u00f3 que \u201ctodos lo validaron e instrumentaron\u201d.<\/p><\/blockquote>\n<p>&nbsp;<\/p>\n<p>A su vez, dijo que <strong>le parece <em>\u201cun poco peligroso\u201d<\/em><\/strong> establecer un sistema <em>\u201cde forma consensuada y <strong>los intendentes nos empiecen a pedir permanentemente excepciones.<\/strong> La idea del sistema es esa: analizar el estado epidemiol\u00f3gico y sanitario de un distrito, con par\u00e1metros claros, y a partir de esas definiciones habilitar una serie de actividades con el objetivo de cuidar la salud de los bonaerenses y vecinos y vecinas de ese distrito en particular, y las actividades econ\u00f3micas est\u00e9n habilitadas\u201d.<\/em> Reiter\u00f3 que <em>\u201cese es nuestro criterio para seguir movi\u00e9ndonos\u201d.<\/em><\/p>\n<p>&nbsp;<\/p>\n<p>Ratific\u00f3 las charlas que tiene con los jefes comunales durante el fin de semana y en el balance, Blanco dijo que <em>\u201cestamos trabajando muy bien, de forma consensuada\u201d<\/em>. Agreg\u00f3, adem\u00e1s, que tiene<em> \u201cotras fuentes de informaci\u00f3n de la situaci\u00f3n epidemiol\u00f3gica, sanitaria, social, econ\u00f3mica de los distritos. Trabajo en di\u00e1logo con el diputado Valicenti, con el compa\u00f1ero de gesti\u00f3n Aguilera, que conocen el territorio\u201d.<\/em><\/p>\n<p>&nbsp;<\/p>\n<blockquote><p>\u201cSiempre tomamos una decisi\u00f3n consensuada con el Intendente. Ha habido matices en nuestras opiniones, pero la realidad lo ha trasladado para el lado que correspond\u00eda\u201d dijo Blanco en relaci\u00f3n a las charlas que mantiene con el jefe comunal Ezequiel Galli.<\/p><\/blockquote>\n<p>&nbsp;<\/p>\n<p>Con respecto a la situaci\u00f3n de Olavarr\u00eda, Blanco destac\u00f3 que <em>\u201ces una zona donde estamos teniendo en las \u00faltimas semanas m\u00e1s de 10 casos cada 100 mil habitantes. Eso implica que hay una circulaci\u00f3n importante del virus. <strong>Esa trazabilidad hace que una persona asintom\u00e1tica vaya a un gimnasio o a un lugar que est\u00e9n habilitados en la Fase 5, y generar contagios masivos<\/strong>. Lo que pido es respetar el sistema que establecimos en conjunto. Sobre todo para no poner en riesgo la salud de la poblaci\u00f3n\u201d<\/em>. Dijo que \u201centiende\u201d a los sectores que reclaman pero <strong><em>\u201ctenemos que seguir priorizando la salud\u201d.<\/em><\/strong><\/p>\n<p>&nbsp;<\/p>\n<p><em>\u201cLos intendentes est\u00e1n llamando desesperados para que les mandemos insumos, asistencia financiera, distritos donde ten\u00edan todo abierto\u201d<\/em> indic\u00f3 con respecto a los lugares donde hubo Fase 5 y una posterior marcha atr\u00e1s, y en ese sentido solicit\u00f3 que <strong><em>\u201cse manejen con la responsabilidad que corresponda\u201d.<\/em><\/strong><\/p>\n","protected":false},"excerpt":{"rendered":"<p>El Jefe de Gabinete de la Provincia dialog\u00f3 con el periodista Mart\u00edn Rodr\u00edguez de Radio Olavarr\u00eda y dej\u00f3 en claro<\/p>\n","protected":false},"author":2,"featured_media":639,"comment_status":"closed","ping_status":"closed","sticky":false,"template":"","format":"standard","meta":{"_jetpack_memberships_contains_paid_content":false,"footnotes":""},"categories":[4,1],"tags":[],"class_list":["post-637","post","type-post","status-publish","format-standard","has-post-thumbnail","hentry","category-politica","category-portada"],"jetpack_featured_media_url":"https:\/\/i0.wp.com\/cdnoticias.com\/wp-content\/uploads\/2020\/09\/Carlos-Bianco.jpg?fit=2048%2C1362&ssl=1","jetpack_sharing_enabled":true,"_links":{"self":[{"href":"https:\/\/cdnoticias.com\/index.php\/wp-json\/wp\/v2\/posts\/637","targetHints":{"allow":["GET"]}}],"collection":[{"href":"https:\/\/cdnoticias.com\/index.php\/wp-json\/wp\/v2\/posts"}],"about":[{"href":"https:\/\/cdnoticias.com\/index.php\/wp-json\/wp\/v2\/types\/post"}],"author":[{"embeddable":true,"href":"https:\/\/cdnoticias.com\/index.php\/wp-json\/wp\/v2\/users\/2"}],"replies":[{"embeddable":true,"href":"https:\/\/cdnoticias.com\/index.php\/wp-json\/wp\/v2\/comments?post=637"}],"version-history":[{"count":0,"href":"https:\/\/cdnoticias.com\/index.php\/wp-json\/wp\/v2\/posts\/637\/revisions"}],"wp:featuredmedia":[{"embeddable":true,"href":"https:\/\/cdnoticias.com\/index.php\/wp-json\/wp\/v2\/media\/639"}],"wp:attachment":[{"href":"https:\/\/cdnoticias.com\/index.php\/wp-json\/wp\/v2\/media?parent=637"}],"wp:term":[{"taxonomy":"category","embeddable":true,"href":"https:\/\/cdnoticias.com\/index.php\/wp-json\/wp\/v2\/categories?post=637"},{"taxonomy":"post_tag","embeddable":true,"href":"https:\/\/cdnoticias.com\/index.php\/wp-json\/wp\/v2\/tags?post=637"}],"curies":[{"name":"wp","href":"https:\/\/api.w.org\/{rel}","templated":true}]}}