{"id":63690,"date":"2022-08-09T16:10:37","date_gmt":"2022-08-09T19:10:37","guid":{"rendered":"https:\/\/www.centraldenoticias.com.ar\/?p=63690"},"modified":"2022-09-08T17:22:33","modified_gmt":"2022-09-08T20:22:33","slug":"indio-en-olavarria-la-camara-de-apelacion-rechazo-la-extincion-de-accion-penal","status":"publish","type":"post","link":"https:\/\/cdnoticias.com\/index.php\/2022\/08\/09\/indio-en-olavarria-la-camara-de-apelacion-rechazo-la-extincion-de-accion-penal\/","title":{"rendered":"Indio en Olavarr\u00eda: la C\u00e1mara de Apelaci\u00f3n rechaz\u00f3 la \u201cextinci\u00f3n de acci\u00f3n penal\u201d"},"content":{"rendered":"<p>Los jueces determinaron que, m\u00e1s all\u00e1 del acuerdo econ\u00f3mico entre los tres imputados y familiares de las v\u00edctimas, la figura legal solicitada \u201cno abarca la reparaci\u00f3n de una vida ni tampoco puede ser conciliado\u201d. En el recital de 2017 hubo dos personas fallecidas.<!--more--><\/p>\n<hr \/>\n<p>En una resoluci\u00f3n emitida la semana pasada por los jueces Carlos Pagliere (h), Gustavo Agust\u00edn Echevarr\u00eda y Dami\u00e1n Pedro Cini,<strong> la C\u00e1mara de Apelaciones acept\u00f3 el planteo de la fiscal\u00eda y rechaz\u00f3 la figura de \u201cextinci\u00f3n de acci\u00f3n penal\u201d presentada por los acusados por la muerte de dos personas en el recital del Indio en Olavarr\u00eda en 2017, causa que tambi\u00e9n incluye a una persona que result\u00f3 herida.<\/strong><\/p>\n<p>&nbsp;<\/p>\n<p>De esta forma,<strong> el proceso sigue hacia un probable juicio y Mat\u00edas Peuscovich, Marcos Peuscovich y Gustavo Zurita siguen imputados por \u201cHomicidio Culposo\u201d y \u201cLesiones Culposas\u201d<\/strong> aunque, en el medio, los imputados tendr\u00e1n una instancia de apelaci\u00f3n que, en caso de ejecutarla, se dirimir\u00e1 en la instancia de la C\u00e1mara de Casaci\u00f3n.<\/p>\n<p>&nbsp;<\/p>\n<p>Seg\u00fan la resoluci\u00f3n, a la que pudo acceder <strong>Central de Noticias<\/strong>, se explic\u00f3 que ante el planteo que hab\u00eda sido aceptado por la Jueza Correccional dado que<em> <strong>\u201ces determinable la extinci\u00f3n de la acci\u00f3n penal pero no el sobreseimiento de los imputados a respecto de esos hechos\u201d<\/strong><\/em> <strong>la fiscal\u00eda encabezada por el doctor Ignacio Calonje apel\u00f3 el fallo y los jueces de la C\u00e1mara de Apelaci\u00f3n y Garant\u00edas le dieron la raz\u00f3n.<\/strong><\/p>\n<p>&nbsp;<\/p>\n<figure id=\"attachment_8014\" aria-describedby=\"caption-attachment-8014\" style=\"width: 910px\" class=\"wp-caption alignnone\"><img data-recalc-dims=\"1\" loading=\"lazy\" decoding=\"async\" class=\"size-full wp-image-8014\" src=\"https:\/\/i0.wp.com\/cdnoticias.com\/wp-content\/uploads\/2020\/12\/1606944224.jpeg?resize=800%2C529&#038;ssl=1\" alt=\"\" width=\"800\" height=\"529\" srcset=\"https:\/\/i0.wp.com\/cdnoticias.com\/wp-content\/uploads\/2020\/12\/1606944224.jpeg?w=910&amp;ssl=1 910w, https:\/\/i0.wp.com\/cdnoticias.com\/wp-content\/uploads\/2020\/12\/1606944224.jpeg?resize=300%2C198&amp;ssl=1 300w, https:\/\/i0.wp.com\/cdnoticias.com\/wp-content\/uploads\/2020\/12\/1606944224.jpeg?resize=768%2C508&amp;ssl=1 768w\" sizes=\"auto, (max-width: 800px) 100vw, 800px\" \/><figcaption id=\"caption-attachment-8014\" class=\"wp-caption-text\">Foto Nacho Correa \/Diario El TIempo de Azul<\/figcaption><\/figure>\n<p>&nbsp;<\/p>\n<p>Es que, seg\u00fan la resoluci\u00f3n, explicaron que <em>\u201clos familiares no pueden conciliar en nombre de una persona fallecida, dado que es una prestaci\u00f3n personal\u00edsima. Por lo cual por esa situaci\u00f3n ni siquiera puede entenderse como una conciliaci\u00f3n. En el caso de Acu\u00f1a, que s\u00ed podr\u00eda conciliar, en ese caso no se acept\u00f3 dicha conciliaci\u00f3n dado que no hubo consentimiento fiscal para avanzar\u201d.<\/em><\/p>\n<p>&nbsp;<\/p>\n<p>Expresamente, la resoluci\u00f3n se\u00f1ala que <em>\u201cdicho en otras palabras, un homicidio \u2013sea doloso o culposo\u2013, adem\u00e1s de ser irreparable (la p\u00e9rdida de la vida no se puede retrotraer), tampoco puede ser conciliado, en virtud de que las personas fallecidas \u2013que son los sujetos directamente afectadas por el delito\u2013 ya no pueden emitir su consentimiento para ello, ni pueden tampoco ser reemplazados \u2013atento el car\u00e1cter personal\u00edsimo de la conciliaci\u00f3n\u2013 por sus deudos\u201d<\/em>. <strong>En pocas palabras, no pueden generar una conciliaci\u00f3n porque s\u00f3lo la v\u00edctima puede aceptarlo.<\/strong> Si fallecieron, se vuelve imposible en lo jur\u00eddico, m\u00e1s all\u00e1 de la concordancia \u201cparticular\u201d de los acuerdos reparatorios.<\/p>\n<p>&nbsp;<\/p>\n<p>Sin embargo, y pensando en la tercera v\u00edctima <em>\u201cs\u00ed podr\u00eda \u2013en principio\u2013 conciliarse el delito de lesiones leves culposas, pues no median en tal caso valladares de \u00edndole material; pero para ello, cabe recordar, es necesario que se haga \u201cde conformidad con lo previsto en las leyes procesales correspondientes\u201d (art. 59 inc. 6\u00b0 del C\u00f3digo Penal)\u201d.<\/em> \u00bfQu\u00e9 significa esto? <strong><em>\u201cPara avanzar en una conciliaci\u00f3n y dictaminar la absoluci\u00f3n de los imputados, el Ministerio P\u00fablico Fiscal tambi\u00e9n debe estar de acuerdo dado que tiene la titularidad exclusiva del hecho por ser un il\u00edcito de acci\u00f3n p\u00fablica\u201d<\/em><\/strong> explicaron.<\/p>\n<p>&nbsp;<\/p>\n<p>De este modo, <em>\u201clas v\u00edctimas o sus deudos, no est\u00e1n habilitados \u2013en el ordenamiento procesal penal bonaerense\u2013 para subrogar al Ministerio P\u00fablico Fiscal en ejercicio de la acci\u00f3n penal, quien es el \u00fanico que \u2013dentro de los marcos legales\u2013 tiene la potestad para impulsarla o desistirla (salvo las facultades otorgadas al particular damnificado en los arts. 56 bis in fine y 334 bis del CPP)\u201d.<\/em><\/p>\n<p>&nbsp;<\/p>\n<figure id=\"attachment_8016\" aria-describedby=\"caption-attachment-8016\" style=\"width: 948px\" class=\"wp-caption alignnone\"><img data-recalc-dims=\"1\" loading=\"lazy\" decoding=\"async\" class=\"size-full wp-image-8016\" src=\"https:\/\/i0.wp.com\/cdnoticias.com\/wp-content\/uploads\/2020\/12\/1606944511.jpeg?resize=800%2C450&#038;ssl=1\" alt=\"\" width=\"800\" height=\"450\" srcset=\"https:\/\/i0.wp.com\/cdnoticias.com\/wp-content\/uploads\/2020\/12\/1606944511.jpeg?w=948&amp;ssl=1 948w, https:\/\/i0.wp.com\/cdnoticias.com\/wp-content\/uploads\/2020\/12\/1606944511.jpeg?resize=300%2C169&amp;ssl=1 300w, https:\/\/i0.wp.com\/cdnoticias.com\/wp-content\/uploads\/2020\/12\/1606944511.jpeg?resize=768%2C432&amp;ssl=1 768w\" sizes=\"auto, (max-width: 800px) 100vw, 800px\" \/><figcaption id=\"caption-attachment-8016\" class=\"wp-caption-text\">Foto Nacho Correa \/Diario El TIempo de Azul<\/figcaption><\/figure>\n<p>&nbsp;<\/p>\n<p>Finalmente, la resoluci\u00f3n concluye que <em>\u201cla reparaci\u00f3n integral del da\u00f1o o la conciliaci\u00f3n con el imputado s\u00f3lo puede realizarla la v\u00edctima en la medida que cuente con el consentimiento del Ministerio P\u00fablico Fiscal, sin el cual ser\u00e1 manifiestamente inoperativa la extinci\u00f3n de la acci\u00f3n contemplada en el art. 59 inc. 6\u00b0 del C\u00f3digo Penal\u201d.<\/em> <strong>Tras la apelaci\u00f3n luego de la solicitud de los patrocinadores legales de los tres imputados, esto no podr\u00e1 llevarse adelante y todo podr\u00eda derivar en un juicio.<\/strong><\/p>\n<p>&nbsp;<\/p>\n<p>De esta forma,<strong> los imputados no fueron sobrese\u00eddos y podr\u00e1n, en caso de que as\u00ed lo deseen, apelar a esta resoluci\u00f3n de la C\u00e1mara de Apelaciones.<\/strong> As\u00ed, ser\u00eda Casaci\u00f3n quien resuelva si el pedido de extinci\u00f3n de acci\u00f3n penal tendr\u00e1 curso o no.<\/p>\n","protected":false},"excerpt":{"rendered":"<p>Los jueces determinaron que, m\u00e1s all\u00e1 del acuerdo econ\u00f3mico entre los tres imputados y familiares de las v\u00edctimas, la figura<\/p>\n","protected":false},"author":2,"featured_media":33455,"comment_status":"closed","ping_status":"closed","sticky":false,"template":"","format":"standard","meta":{"_jetpack_memberships_contains_paid_content":false,"footnotes":""},"categories":[14],"tags":[],"class_list":["post-63690","post","type-post","status-publish","format-standard","has-post-thumbnail","hentry","category-policiales"],"jetpack_featured_media_url":"https:\/\/i0.wp.com\/cdnoticias.com\/wp-content\/uploads\/2021\/09\/Indio-en-Olavarr%C3%ADa.jpg?fit=1920%2C994&ssl=1","jetpack_sharing_enabled":true,"_links":{"self":[{"href":"https:\/\/cdnoticias.com\/index.php\/wp-json\/wp\/v2\/posts\/63690","targetHints":{"allow":["GET"]}}],"collection":[{"href":"https:\/\/cdnoticias.com\/index.php\/wp-json\/wp\/v2\/posts"}],"about":[{"href":"https:\/\/cdnoticias.com\/index.php\/wp-json\/wp\/v2\/types\/post"}],"author":[{"embeddable":true,"href":"https:\/\/cdnoticias.com\/index.php\/wp-json\/wp\/v2\/users\/2"}],"replies":[{"embeddable":true,"href":"https:\/\/cdnoticias.com\/index.php\/wp-json\/wp\/v2\/comments?post=63690"}],"version-history":[{"count":0,"href":"https:\/\/cdnoticias.com\/index.php\/wp-json\/wp\/v2\/posts\/63690\/revisions"}],"wp:featuredmedia":[{"embeddable":true,"href":"https:\/\/cdnoticias.com\/index.php\/wp-json\/wp\/v2\/media\/33455"}],"wp:attachment":[{"href":"https:\/\/cdnoticias.com\/index.php\/wp-json\/wp\/v2\/media?parent=63690"}],"wp:term":[{"taxonomy":"category","embeddable":true,"href":"https:\/\/cdnoticias.com\/index.php\/wp-json\/wp\/v2\/categories?post=63690"},{"taxonomy":"post_tag","embeddable":true,"href":"https:\/\/cdnoticias.com\/index.php\/wp-json\/wp\/v2\/tags?post=63690"}],"curies":[{"name":"wp","href":"https:\/\/api.w.org\/{rel}","templated":true}]}}