{"id":63678,"date":"2022-08-30T17:17:49","date_gmt":"2022-08-30T20:17:49","guid":{"rendered":"https:\/\/www.centraldenoticias.com.ar\/?p=63678"},"modified":"2022-08-31T08:08:58","modified_gmt":"2022-08-31T11:08:58","slug":"roberto-domingo-pugnaloni-q-e-p-d","status":"publish","type":"post","link":"https:\/\/cdnoticias.com\/index.php\/2022\/08\/30\/roberto-domingo-pugnaloni-q-e-p-d\/","title":{"rendered":"Roberto Domingo Pugnaloni (Q.E.P.D.)"},"content":{"rendered":"<p>Falleci\u00f3 en Olavarr\u00eda el d\u00eda 30 de agosto de 2022 a los 94 a\u00f1os. Su esposa Yeya Ferreyra. Sus hijos Maria Laura, Eduardo Agust\u00edn y Roberto Pugnaloni. Sus hijas pol\u00edticas Maria Lujan y Carola. Sus nietos Florencia, Agust\u00edn, Luciano, Emilio, Eugenio y Maria Celina. Sus nietas pol\u00edticas Ornella y Sol. Su hermana Yanni. Sus hermanos pol\u00edticos. Sus sobrinos y dem\u00e1s deudos participan su fallecimiento. Se ruega no realizar visitas de p\u00e9same en el domicilio.<\/p>\n<p>&nbsp;<\/p>\n<p>Estudio &#8220;Cura&#8221; participa del fallecimiento de Roberto Domingo Pugnaloni y acompa\u00f1a a su familia en el dolor.<\/p>\n<p>&nbsp;<\/p>\n<p>Velatorio: Espa\u00f1a 2942 departamento &#8220;F&#8221;. El velatorio se habilita este martes de 20:00 a 23:30 y reabre el mi\u00e9rcoles a las 9:30. Responso: Capilla Ardiente. Inhumaci\u00f3n: Cementerio Loma de Paz, mi\u00e9rcoles 31 de agosto a las 10:30. Servicio adherido a Coopelectric.<\/p>\n<p>&nbsp;<\/p>\n<p>Barrio en el que viv\u00eda: Vecino de Microcentro.<\/p>\n<p>Lugar de nacimiento: Nacido en Mones Caz\u00f3n &#8211; Pehuaj\u00f3.<\/p>\n<p>Actividad que desarrollaba: M\u00e9dico Veterinario Jubilado.<\/p>\n","protected":false},"excerpt":{"rendered":"<p>Falleci\u00f3 en Olavarr\u00eda el d\u00eda 30 de agosto de 2022 a los 94 a\u00f1os. Su esposa Yeya Ferreyra. Sus hijos<\/p>\n","protected":false},"author":6,"featured_media":51544,"comment_status":"closed","ping_status":"closed","sticky":false,"template":"","format":"standard","meta":{"_jetpack_memberships_contains_paid_content":false,"footnotes":""},"categories":[10],"tags":[],"class_list":["post-63678","post","type-post","status-publish","format-standard","has-post-thumbnail","hentry","category-necrologicas"],"jetpack_featured_media_url":"https:\/\/i0.wp.com\/cdnoticias.com\/wp-content\/uploads\/2022\/04\/necrologicas-390-x-240.jpg?fit=390%2C240&ssl=1","jetpack_sharing_enabled":true,"_links":{"self":[{"href":"https:\/\/cdnoticias.com\/index.php\/wp-json\/wp\/v2\/posts\/63678","targetHints":{"allow":["GET"]}}],"collection":[{"href":"https:\/\/cdnoticias.com\/index.php\/wp-json\/wp\/v2\/posts"}],"about":[{"href":"https:\/\/cdnoticias.com\/index.php\/wp-json\/wp\/v2\/types\/post"}],"author":[{"embeddable":true,"href":"https:\/\/cdnoticias.com\/index.php\/wp-json\/wp\/v2\/users\/6"}],"replies":[{"embeddable":true,"href":"https:\/\/cdnoticias.com\/index.php\/wp-json\/wp\/v2\/comments?post=63678"}],"version-history":[{"count":0,"href":"https:\/\/cdnoticias.com\/index.php\/wp-json\/wp\/v2\/posts\/63678\/revisions"}],"wp:featuredmedia":[{"embeddable":true,"href":"https:\/\/cdnoticias.com\/index.php\/wp-json\/wp\/v2\/media\/51544"}],"wp:attachment":[{"href":"https:\/\/cdnoticias.com\/index.php\/wp-json\/wp\/v2\/media?parent=63678"}],"wp:term":[{"taxonomy":"category","embeddable":true,"href":"https:\/\/cdnoticias.com\/index.php\/wp-json\/wp\/v2\/categories?post=63678"},{"taxonomy":"post_tag","embeddable":true,"href":"https:\/\/cdnoticias.com\/index.php\/wp-json\/wp\/v2\/tags?post=63678"}],"curies":[{"name":"wp","href":"https:\/\/api.w.org\/{rel}","templated":true}]}}