{"id":63659,"date":"2022-08-31T17:00:06","date_gmt":"2022-08-31T20:00:06","guid":{"rendered":"https:\/\/www.centraldenoticias.com.ar\/?p=63659"},"modified":"2022-08-31T17:00:06","modified_gmt":"2022-08-31T20:00:06","slug":"el-jardin-maternal-principito-volvera-a-funcionar-en-el-barrio-san-carlos","status":"publish","type":"post","link":"https:\/\/cdnoticias.com\/index.php\/2022\/08\/31\/el-jardin-maternal-principito-volvera-a-funcionar-en-el-barrio-san-carlos\/","title":{"rendered":"El Jard\u00edn Maternal \u201cPrincipito\u201d volver\u00e1 a funcionar en el barrio San Carlos"},"content":{"rendered":"<p>El Municipio proyecta la reforma de la sede con nuevas aulas y un SUM. \u201cLa recuperaci\u00f3n ser\u00e1 completa e integral\u201d defini\u00f3 la Secretar\u00eda de Mantenimiento y Obras P\u00fablicas.<!--more--><\/p>\n<hr \/>\n<p><a href=\"https:\/\/cdnoticias.com\/index.php\/2022\/08\/23\/el-municipio-reformara-el-jardin-maternal-principito\/\" target=\"_blank\" rel=\"noopener\">Tal como se adelant\u00f3 la semana pasada<\/a>, <strong>el Municipio invertir\u00e1 m\u00e1s de 25 millones de pesos en la terminaci\u00f3n de la sede para el Jard\u00edn Maternal \u201cPrincipito\u201d<\/strong>.<\/p>\n<p>&nbsp;<\/p>\n<p><strong>Se trata del edificio ubicado en el barrio San Carlos.<\/strong> El proyecto elaborado por la Secretar\u00eda de Mantenimiento y Obras P\u00fablicas de la Municipalidad consiste en la <strong>recuperaci\u00f3n de la sede del ex Jard\u00edn AMI de Chiclana al 4500<\/strong>.<\/p>\n<p>&nbsp;<\/p>\n<p>La obra se desarrollar\u00e1 en una <strong>superficie cubierta de 190 metros cuadrados<\/strong>, donde se construir\u00e1n nuevas aulas, adecuadas para la edad de ni\u00f1os y ni\u00f1as, que concurren a los maternales.<\/p>\n<p>&nbsp;<\/p>\n<blockquote><p>\u201cConsiste en la demolici\u00f3n de los tabiques interiores para levantarlos nuevamente para generar una mejor distribuci\u00f3n, m\u00e1s adecuada, logrando un mejor uso del espacio, con ventilaciones acordes, un lugar com\u00fan de buenas dimensiones para actos o patio cubierto, un \u00e1rea de secretar\u00eda y direcci\u00f3n\u201d se detall\u00f3 sobre la obra.<\/p><\/blockquote>\n<p>&nbsp;<\/p>\n<p>La licitaci\u00f3n para la reforma ya fue lanzada: <strong>el 14 de septiembre se abrir\u00e1n las ofertas<\/strong>.<\/p>\n<p>&nbsp;<\/p>\n<p>Con el edificio,<strong> \u201cla recuperaci\u00f3n ser\u00e1 completa e integral<\/strong>, con ba\u00f1os totalmente nuevos para ni\u00f1os, ni\u00f1as y docentes, una cocina para abastecer a toda la matr\u00edcula\u201d se explic\u00f3 para agregar que tambi\u00e9n se incluyeron cambio de pisos, cielorrasos e impermeabilizaciones y todas las instalaciones.<\/p>\n<p>&nbsp;<\/p>\n<p><strong>Jardines Maternales Municipales<\/strong><\/p>\n<p>&nbsp;<\/p>\n<p>Actualmente,<strong> el Jard\u00edn Maternal \u201cPrincipito\u201d funciona en 9 de Julio casi Grimaldi<\/strong>. La instituci\u00f3n educativa municipal fue fundada en 1987.<\/p>\n<p>&nbsp;<\/p>\n<p><strong>Olavarr\u00eda cuenta con 12 Jardines Maternales Municipales<\/strong> (Rayito de Sol, Mi Casita, Papa Francisco, Arco Iris, El Hornerito, Los Ni\u00f1os Primero, Piruetas, Lucerito, Principito, Rinc\u00f3n Feliz, Gotitas de Roc\u00edo y Colores), que tienen como misi\u00f3n fortalecer el v\u00ednculo integral de los ni\u00f1os y las ni\u00f1as con su familia, desde el amor, cuidado y acompa\u00f1amiento, a partir de los 45 d\u00edas hasta los 3 a\u00f1os de edad.<\/p>\n<p>&nbsp;<\/p>\n<p>Los Jardines Maternales Municipales se encuentran bajo la \u00f3rbita de la Subsecretar\u00eda de Desarrollo Social, dependiente de la Secretar\u00eda de Desarrollo Humano y Calidad de Vida de la Municipalidad del Partido de Olavarr\u00eda. Constituyen para los ni\u00f1os la primera experiencia de socializaci\u00f3n fuera del n\u00facleo familiar.<\/p>\n","protected":false},"excerpt":{"rendered":"<p>El Municipio proyecta la reforma de la sede con nuevas aulas y un SUM. \u201cLa recuperaci\u00f3n ser\u00e1 completa e integral\u201d<\/p>\n","protected":false},"author":4,"featured_media":63660,"comment_status":"closed","ping_status":"closed","sticky":false,"template":"","format":"standard","meta":{"_jetpack_memberships_contains_paid_content":false,"footnotes":""},"categories":[5,1],"tags":[],"class_list":["post-63659","post","type-post","status-publish","format-standard","has-post-thumbnail","hentry","category-informacion-general","category-portada"],"jetpack_featured_media_url":"https:\/\/i0.wp.com\/cdnoticias.com\/wp-content\/uploads\/2022\/08\/jardin-maternal-principito-jardin-ami-00.jpg?fit=800%2C445&ssl=1","jetpack_sharing_enabled":true,"_links":{"self":[{"href":"https:\/\/cdnoticias.com\/index.php\/wp-json\/wp\/v2\/posts\/63659","targetHints":{"allow":["GET"]}}],"collection":[{"href":"https:\/\/cdnoticias.com\/index.php\/wp-json\/wp\/v2\/posts"}],"about":[{"href":"https:\/\/cdnoticias.com\/index.php\/wp-json\/wp\/v2\/types\/post"}],"author":[{"embeddable":true,"href":"https:\/\/cdnoticias.com\/index.php\/wp-json\/wp\/v2\/users\/4"}],"replies":[{"embeddable":true,"href":"https:\/\/cdnoticias.com\/index.php\/wp-json\/wp\/v2\/comments?post=63659"}],"version-history":[{"count":0,"href":"https:\/\/cdnoticias.com\/index.php\/wp-json\/wp\/v2\/posts\/63659\/revisions"}],"wp:featuredmedia":[{"embeddable":true,"href":"https:\/\/cdnoticias.com\/index.php\/wp-json\/wp\/v2\/media\/63660"}],"wp:attachment":[{"href":"https:\/\/cdnoticias.com\/index.php\/wp-json\/wp\/v2\/media?parent=63659"}],"wp:term":[{"taxonomy":"category","embeddable":true,"href":"https:\/\/cdnoticias.com\/index.php\/wp-json\/wp\/v2\/categories?post=63659"},{"taxonomy":"post_tag","embeddable":true,"href":"https:\/\/cdnoticias.com\/index.php\/wp-json\/wp\/v2\/tags?post=63659"}],"curies":[{"name":"wp","href":"https:\/\/api.w.org\/{rel}","templated":true}]}}