{"id":63653,"date":"2022-08-30T11:20:07","date_gmt":"2022-08-30T14:20:07","guid":{"rendered":"https:\/\/www.centraldenoticias.com.ar\/?p=63653"},"modified":"2022-08-30T13:52:40","modified_gmt":"2022-08-30T16:52:40","slug":"segunda-suba-del-ano-de-la-vtv-465-mas-para-verificar-vehiculos","status":"publish","type":"post","link":"https:\/\/cdnoticias.com\/index.php\/2022\/08\/30\/segunda-suba-del-ano-de-la-vtv-465-mas-para-verificar-vehiculos\/","title":{"rendered":"Segunda suba del a\u00f1o de la VTV: 46,5% m\u00e1s para verificar veh\u00edculos"},"content":{"rendered":"<p>Inspeccionar un auto cuesta desde 3.150 pesos a partir de este martes. Los veh\u00edculos de m\u00e1s de 2500 kilos deber\u00e1n abonar 5.670 pesos.<\/p>\n<p><!--more--><\/p>\n<hr \/>\n<p><strong>La Verificaci\u00f3n T\u00e9cnica Vehicular tuvo su segundo incremento en el a\u00f1o, esta vez del 46,5%<\/strong>. Desde este martes inspeccionar un veh\u00edculo costar\u00e1 desde $ 3.150.<\/p>\n<p>&nbsp;<\/p>\n<p>De esta manera, seg\u00fan el decreto 145\/22,<strong> los valores actualizados a partir de ahora<\/strong> son los siguientes:<\/p>\n<ul>\n<li><strong>motocicletas<\/strong>: $ 945<\/li>\n<li><strong>veh\u00edculos de hasta 2500 kg<\/strong>: $ 3.150 <em>(antes era $2.150)<\/em><\/li>\n<li><strong>veh\u00edculos de m\u00e1s de 2500 kg<\/strong>: $ 5.670<\/li>\n<li><strong>remolques, semirremolques y acoplados de hasta 2500 kg<\/strong>: $ 1.575<\/li>\n<li><strong>remolques, semirremolques y acoplados de m\u00e1s de 2500 kg<\/strong>: $ 2.835<\/li>\n<\/ul>\n<p>&nbsp;<\/p>\n<p>Todos los valores son con IVA incluido.<\/p>\n<p>&nbsp;<\/p>\n<p><strong>El anterior aumento de la VTV hab\u00eda sido <a href=\"https:\/\/cdnoticias.com\/index.php\/2022\/01\/27\/aumento-42-la-vtv-en-la-provincia-de-buenos-aires\/\" target=\"_blank\" rel=\"noopener\">en enero<\/a><\/strong> y en torno al 44%, y de acuerdo a lo que indicaron las autoridades bonaerenses, este \u00faltimo ajuste se debi\u00f3 a que las tarifas ven\u00edan atrasadas, pero contin\u00faan con una escalada menor a comparaci\u00f3n de la Ciudad de Buenos Aires.<\/p>\n<p>&nbsp;<\/p>\n<p>Cabe recordar que de acuerdo al nuevo ordenamiento, una vez que el conductor concurra a realizar la VTV seg\u00fan su actual mes de vencimiento indicado en la \u00faltima oblea que fue pegada en el parabrisas y de haber aprobado la revisi\u00f3n, el personal de la planta le otorgar\u00e1 <strong>un mes de vencimiento extra que ser\u00e1 asignado seg\u00fan el \u00faltimo n\u00famero de la patente<\/strong>.<\/p>\n<p>&nbsp;<\/p>\n<p>\u2013 \u00daltimo d\u00edgito del dominio: 2, corresponde hacer VTV en febrero<\/p>\n<p>\u2013 \u00daltimo d\u00edgito del dominio: 3, corresponde hacer VTV en marzo<\/p>\n<p>\u2013 \u00daltimo d\u00edgito del dominio: 4, corresponde hacer VTV en abril<\/p>\n<p>\u2013 \u00daltimo d\u00edgito del dominio: 5, corresponde hacer VTV en mayo<\/p>\n<p>\u2013 \u00daltimo d\u00edgito del dominio: 6, corresponde hacer VTV en junio<\/p>\n<p>\u2013 \u00daltimo d\u00edgito del dominio: 7, corresponde hacer VTV en julio<\/p>\n<p>\u2013 \u00daltimo d\u00edgito del dominio: 8, corresponde hacer VTV en agosto<\/p>\n<p>\u2013 \u00daltimo d\u00edgito del dominio: 9, corresponde hacer VTV en septiembre<\/p>\n<p>\u2013 \u00daltimo d\u00edgito del dominio: 0, corresponde hacer VTV en octubre<\/p>\n<p>\u2013 \u00daltimo d\u00edgito del dominio: 1, corresponde hacer VTV en noviembre.<\/p>\n<p>&nbsp;<\/p>\n<p>Fuente: <em>Agencia DIB<\/em><\/p>\n","protected":false},"excerpt":{"rendered":"<p>Inspeccionar un auto cuesta desde 3.150 pesos a partir de este martes. Los veh\u00edculos de m\u00e1s de 2500 kilos deber\u00e1n<\/p>\n","protected":false},"author":4,"featured_media":22476,"comment_status":"closed","ping_status":"closed","sticky":false,"template":"","format":"standard","meta":{"_jetpack_memberships_contains_paid_content":false,"footnotes":""},"categories":[6,1],"tags":[],"class_list":["post-63653","post","type-post","status-publish","format-standard","has-post-thumbnail","hentry","category-nacionales","category-portada"],"jetpack_featured_media_url":"https:\/\/i0.wp.com\/cdnoticias.com\/wp-content\/uploads\/2021\/05\/VTV.jpg?fit=800%2C445&ssl=1","jetpack_sharing_enabled":true,"_links":{"self":[{"href":"https:\/\/cdnoticias.com\/index.php\/wp-json\/wp\/v2\/posts\/63653","targetHints":{"allow":["GET"]}}],"collection":[{"href":"https:\/\/cdnoticias.com\/index.php\/wp-json\/wp\/v2\/posts"}],"about":[{"href":"https:\/\/cdnoticias.com\/index.php\/wp-json\/wp\/v2\/types\/post"}],"author":[{"embeddable":true,"href":"https:\/\/cdnoticias.com\/index.php\/wp-json\/wp\/v2\/users\/4"}],"replies":[{"embeddable":true,"href":"https:\/\/cdnoticias.com\/index.php\/wp-json\/wp\/v2\/comments?post=63653"}],"version-history":[{"count":0,"href":"https:\/\/cdnoticias.com\/index.php\/wp-json\/wp\/v2\/posts\/63653\/revisions"}],"wp:featuredmedia":[{"embeddable":true,"href":"https:\/\/cdnoticias.com\/index.php\/wp-json\/wp\/v2\/media\/22476"}],"wp:attachment":[{"href":"https:\/\/cdnoticias.com\/index.php\/wp-json\/wp\/v2\/media?parent=63653"}],"wp:term":[{"taxonomy":"category","embeddable":true,"href":"https:\/\/cdnoticias.com\/index.php\/wp-json\/wp\/v2\/categories?post=63653"},{"taxonomy":"post_tag","embeddable":true,"href":"https:\/\/cdnoticias.com\/index.php\/wp-json\/wp\/v2\/tags?post=63653"}],"curies":[{"name":"wp","href":"https:\/\/api.w.org\/{rel}","templated":true}]}}