{"id":63651,"date":"2022-08-30T10:36:05","date_gmt":"2022-08-30T13:36:05","guid":{"rendered":"https:\/\/www.centraldenoticias.com.ar\/?p=63651"},"modified":"2022-08-30T11:20:33","modified_gmt":"2022-08-30T14:20:33","slug":"fue-detenido-un-hombre-condenado-por-un-caso-de-abuso-sexual-en-loma-negra","status":"publish","type":"post","link":"https:\/\/cdnoticias.com\/index.php\/2022\/08\/30\/fue-detenido-un-hombre-condenado-por-un-caso-de-abuso-sexual-en-loma-negra\/","title":{"rendered":"Fue detenido un hombre condenado por un caso de abuso sexual en Loma Negra"},"content":{"rendered":"<p>La detenci\u00f3n se dio en Bah\u00eda Blanca. Fue condenado a cinco a\u00f1os y tres meses de prisi\u00f3n en diciembre y estuvo ocho meses pr\u00f3fugo.<!--more--><\/p>\n<hr \/>\n<p>El 29 de diciembre de 2021 el Tribunal Oral en lo Criminal N\u00ba 1 de Azul <strong>conden\u00f3 a cinco a\u00f1os y tres meses de prisi\u00f3n a Carlos Daniel G\u00f3mez.<\/strong><\/p>\n<p>&nbsp;<\/p>\n<p>Es un azule\u00f1o de 56 a\u00f1os quien fue hallado culpable por<strong> \u201cabuso sexual simple agravado por haber sido cometido contra una menor de dieciocho a\u00f1os aprovech\u00e1ndose de la situaci\u00f3n de convivencia preexistente con la misma\u201d<\/strong>. Los hechos se dieron en 2012 <strong>en la localidad de Loma Negra<\/strong>.<\/p>\n<p>&nbsp;<\/p>\n<p>Con esta condena, el juez Joaqu\u00edn Duba dispuso la \u201cinmediata detenci\u00f3n\u201d, pero G\u00f3mez no fue hallado. Se dict\u00f3 una orden de captura en su contra al considerarlo en \u201crebeld\u00eda\u201d. <strong>Fue hallado el viernes pasado en la ciudad de Bah\u00eda Blanca, donde resid\u00eda, por efectivos de la DDI de Azul<\/strong> quienes lograron la captura. <em>\u201cA trav\u00e9s de tareas de inteligencia y an\u00e1lisis de las comunicaciones se logr\u00f3 establecer el domicilio en Bah\u00eda Blanca donde se encontraba oculto\u201d<\/em>, se inform\u00f3 en un reporte policial dado a conocer sobre el procedimiento.<\/p>\n<p>&nbsp;<\/p>\n<p>De esta forma, <strong>a diez a\u00f1os de sucedidos los hechos que tuvieron como v\u00edctima a una ni\u00f1a del distrito de Olavarr\u00eda, G\u00f3mez est\u00e1 detenido<\/strong>.<\/p>\n<p>&nbsp;<\/p>\n<p><img data-recalc-dims=\"1\" loading=\"lazy\" decoding=\"async\" class=\"size-full wp-image-63645 aligncenter\" src=\"https:\/\/i0.wp.com\/cdnoticias.com\/wp-content\/uploads\/2022\/08\/DIARIO-EL-TIEMPO-detenido-carlos-daniel-gomez-abuso-01.jpg?resize=442%2C676&#038;ssl=1\" alt=\"\" width=\"442\" height=\"676\" srcset=\"https:\/\/i0.wp.com\/cdnoticias.com\/wp-content\/uploads\/2022\/08\/DIARIO-EL-TIEMPO-detenido-carlos-daniel-gomez-abuso-01.jpg?w=442&amp;ssl=1 442w, https:\/\/i0.wp.com\/cdnoticias.com\/wp-content\/uploads\/2022\/08\/DIARIO-EL-TIEMPO-detenido-carlos-daniel-gomez-abuso-01.jpg?resize=196%2C300&amp;ssl=1 196w\" sizes=\"auto, (max-width: 442px) 100vw, 442px\" \/><\/p>\n<p>&nbsp;<\/p>\n<p><strong>El caso<\/strong><\/p>\n<p>&nbsp;<\/p>\n<p><strong>El juicio que tuvo lugar en Azul en diciembre fue el segundo realizado contra G\u00f3mez.<\/strong> En agosto de 2018 ya hab\u00eda sido condenado por el mismo Tribunal, pero la defensa de G\u00f3mez present\u00f3 una apelaci\u00f3n ya que se consideraron afectados los derechos de defensa del imputado. El Tribunal de Casaci\u00f3n Penal bonaerense dispuso la anulaci\u00f3n de aquel proceso.<\/p>\n<p>&nbsp;<\/p>\n<p>En los \u00faltimos d\u00edas del a\u00f1o pasado volvi\u00f3 a realizarse. All\u00ed <strong>se consider\u00f3 probado que G\u00f3mez cometi\u00f3 abuso sexual contra una ni\u00f1a que ten\u00eda tres a\u00f1os de edad<\/strong>. Los hechos se dieron entre marzo y julio de 2012.<\/p>\n<p>&nbsp;<\/p>\n<p>En ese momento, el imputado resid\u00eda en Loma Negra, era transportista, y manten\u00eda un v\u00ednculo con una familiar de la v\u00edctima. Los hechos <strong>se denunciaron en septiembre de 2013<\/strong> y la investigaci\u00f3n penal se extendi\u00f3 por m\u00e1s de dos a\u00f1os.<\/p>\n<p>&nbsp;<\/p>\n<p>Ahora<strong> Carlos Daniel G\u00f3mez, tras permanecer pr\u00f3fugo ocho meses, est\u00e1 preso<\/strong>.<\/p>\n<p>&nbsp;<\/p>\n<p>Fuente y fotos: <em>Diario El Tiempo de Azul<\/em><\/p>\n","protected":false},"excerpt":{"rendered":"<p>La detenci\u00f3n se dio en Bah\u00eda Blanca. Fue condenado a cinco a\u00f1os y tres meses de prisi\u00f3n en diciembre y<\/p>\n","protected":false},"author":4,"featured_media":63647,"comment_status":"closed","ping_status":"closed","sticky":false,"template":"","format":"standard","meta":{"_jetpack_memberships_contains_paid_content":false,"footnotes":""},"categories":[14,1],"tags":[],"class_list":["post-63651","post","type-post","status-publish","format-standard","has-post-thumbnail","hentry","category-policiales","category-portada"],"jetpack_featured_media_url":"https:\/\/i0.wp.com\/cdnoticias.com\/wp-content\/uploads\/2022\/08\/DIARIO-EL-TIEMPO-detenido-carlos-daniel-gomez-abuso-00.jpg?fit=800%2C445&ssl=1","jetpack_sharing_enabled":true,"_links":{"self":[{"href":"https:\/\/cdnoticias.com\/index.php\/wp-json\/wp\/v2\/posts\/63651","targetHints":{"allow":["GET"]}}],"collection":[{"href":"https:\/\/cdnoticias.com\/index.php\/wp-json\/wp\/v2\/posts"}],"about":[{"href":"https:\/\/cdnoticias.com\/index.php\/wp-json\/wp\/v2\/types\/post"}],"author":[{"embeddable":true,"href":"https:\/\/cdnoticias.com\/index.php\/wp-json\/wp\/v2\/users\/4"}],"replies":[{"embeddable":true,"href":"https:\/\/cdnoticias.com\/index.php\/wp-json\/wp\/v2\/comments?post=63651"}],"version-history":[{"count":0,"href":"https:\/\/cdnoticias.com\/index.php\/wp-json\/wp\/v2\/posts\/63651\/revisions"}],"wp:featuredmedia":[{"embeddable":true,"href":"https:\/\/cdnoticias.com\/index.php\/wp-json\/wp\/v2\/media\/63647"}],"wp:attachment":[{"href":"https:\/\/cdnoticias.com\/index.php\/wp-json\/wp\/v2\/media?parent=63651"}],"wp:term":[{"taxonomy":"category","embeddable":true,"href":"https:\/\/cdnoticias.com\/index.php\/wp-json\/wp\/v2\/categories?post=63651"},{"taxonomy":"post_tag","embeddable":true,"href":"https:\/\/cdnoticias.com\/index.php\/wp-json\/wp\/v2\/tags?post=63651"}],"curies":[{"name":"wp","href":"https:\/\/api.w.org\/{rel}","templated":true}]}}