{"id":63637,"date":"2022-08-30T09:42:17","date_gmt":"2022-08-30T12:42:17","guid":{"rendered":"https:\/\/www.centraldenoticias.com.ar\/?p=63637"},"modified":"2022-08-30T10:36:40","modified_gmt":"2022-08-30T13:36:40","slug":"fines-2022-ultima-semana-de-inscripcion-al-segundo-cuatrimestre","status":"publish","type":"post","link":"https:\/\/cdnoticias.com\/index.php\/2022\/08\/30\/fines-2022-ultima-semana-de-inscripcion-al-segundo-cuatrimestre\/","title":{"rendered":"FinEs 2022: \u00faltima semana de inscripci\u00f3n al segundo cuatrimestre"},"content":{"rendered":"<p>Extienden hasta el lunes 5 de septiembre la inscripci\u00f3n al programa que permite finalizar los estudios secundarios.<!--more--><\/p>\n<hr \/>\n<p>Debido a la gran cantidad de interesados e interesadas en finalizar sus estudios secundarios, la coordinaci\u00f3n distrital del Programa Fines decidi\u00f3 extender <strong>hasta el lunes 5 de septiembre inclusive las inscripciones para ingresar a la modalidad Fines Trayecto Secundario.<\/strong><\/p>\n<p>&nbsp;<\/p>\n<p>Las aperturas de nuevas comisiones en el territorio durante la segunda parte del a\u00f1o permitir\u00e1 que ingresante puedan elegir tanto la sede, como los d\u00edas y horarios de jornadas presenciales,<strong> cursando en todos los casos las 5 materias que corresponden a cada cuatrimestre, tres veces a la semana.<\/strong><\/p>\n<p>&nbsp;<\/p>\n<p>Los nuevos estudiantes deber\u00e1n dirigirse a la<strong> oficina ubicada en EES N\u00b08, ingreso por Lavalle entre Pe\u00f1a e Yrigoyen (primer piso) los d\u00edas lunes y mi\u00e9rcoles de 18 a 21.<\/strong> Es requisito esencial presentar fotocopia de partida de nacimiento, fotocopia de DNI y certificaci\u00f3n de estudios previos o fotocopia de anal\u00edtico parcial en folio A4.<\/p>\n<p>&nbsp;<\/p>\n<p>En el caso de <strong>Fines Deudores de Materias Pendientes<\/strong> la recepci\u00f3n de documentaci\u00f3n para el ingreso a las tutor\u00edas se extender\u00e1 hasta el 11 de septiembre inclusive, iniciando las actividades el lunes 19 del mismo mes.<\/p>\n<p>&nbsp;<\/p>\n<p><img data-recalc-dims=\"1\" loading=\"lazy\" decoding=\"async\" class=\"aligncenter size-full wp-image-63641\" src=\"https:\/\/i0.wp.com\/cdnoticias.com\/wp-content\/uploads\/2022\/08\/Fines02.jpeg?resize=800%2C379&#038;ssl=1\" alt=\"\" width=\"800\" height=\"379\" srcset=\"https:\/\/i0.wp.com\/cdnoticias.com\/wp-content\/uploads\/2022\/08\/Fines02.jpeg?w=1032&amp;ssl=1 1032w, https:\/\/i0.wp.com\/cdnoticias.com\/wp-content\/uploads\/2022\/08\/Fines02.jpeg?resize=300%2C142&amp;ssl=1 300w, https:\/\/i0.wp.com\/cdnoticias.com\/wp-content\/uploads\/2022\/08\/Fines02.jpeg?resize=1024%2C485&amp;ssl=1 1024w, https:\/\/i0.wp.com\/cdnoticias.com\/wp-content\/uploads\/2022\/08\/Fines02.jpeg?resize=768%2C364&amp;ssl=1 768w\" sizes=\"auto, (max-width: 800px) 100vw, 800px\" \/><\/p>\n<p>&nbsp;<\/p>\n<p>Se destaca adem\u00e1s que <strong>deber\u00e1n presentar indefectiblemente toda la documentaci\u00f3n obligatoria al momento de la inscripci\u00f3n.<\/strong> De esa manera el o la estudiante tendr\u00e1 un ingreso definitivo al a\u00f1o y comisi\u00f3n correspondiente y un legajo personalizado que acompa\u00f1ar\u00e1 su recorrido educativo.<\/p>\n<p>&nbsp;<\/p>\n<p>Se invita tambi\u00e9n a<strong> egresados y egresadas a concurrir a la oficina con el DNI a retirar su t\u00edtulo de bachiller com\u00fan<\/strong>, tanto de orientaci\u00f3n en Gesti\u00f3n y Administraci\u00f3n como en Ciencias Sociales.<\/p>\n<p>&nbsp;<\/p>\n<p>Cabe recordar que el programa FinEs <strong>posibilita a mayores de 18 a\u00f1os finalizar sus estudios secundarios o rendir materias adeudadas de otras instituciones en forma semipresencial, en la sede m\u00e1s cercana a su domicilio y en horarios pre acordados.<\/strong> Adem\u00e1s, FinEs posee la compatibilidad de inscripci\u00f3n con las Becas Progresar que coordina Anses, de tal forma que se pueda acceder al cobro de una ayuda econ\u00f3mica mientras se lleva adelante la cursada.<\/p>\n","protected":false},"excerpt":{"rendered":"<p>Extienden hasta el lunes 5 de septiembre la inscripci\u00f3n al programa que permite finalizar los estudios secundarios.<\/p>\n","protected":false},"author":5,"featured_media":63640,"comment_status":"closed","ping_status":"closed","sticky":false,"template":"","format":"standard","meta":{"_jetpack_memberships_contains_paid_content":false,"footnotes":""},"categories":[5,1],"tags":[],"class_list":["post-63637","post","type-post","status-publish","format-standard","has-post-thumbnail","hentry","category-informacion-general","category-portada"],"jetpack_featured_media_url":"https:\/\/i0.wp.com\/cdnoticias.com\/wp-content\/uploads\/2022\/08\/Fines01.jpeg?fit=1280%2C606&ssl=1","jetpack_sharing_enabled":true,"_links":{"self":[{"href":"https:\/\/cdnoticias.com\/index.php\/wp-json\/wp\/v2\/posts\/63637","targetHints":{"allow":["GET"]}}],"collection":[{"href":"https:\/\/cdnoticias.com\/index.php\/wp-json\/wp\/v2\/posts"}],"about":[{"href":"https:\/\/cdnoticias.com\/index.php\/wp-json\/wp\/v2\/types\/post"}],"author":[{"embeddable":true,"href":"https:\/\/cdnoticias.com\/index.php\/wp-json\/wp\/v2\/users\/5"}],"replies":[{"embeddable":true,"href":"https:\/\/cdnoticias.com\/index.php\/wp-json\/wp\/v2\/comments?post=63637"}],"version-history":[{"count":0,"href":"https:\/\/cdnoticias.com\/index.php\/wp-json\/wp\/v2\/posts\/63637\/revisions"}],"wp:featuredmedia":[{"embeddable":true,"href":"https:\/\/cdnoticias.com\/index.php\/wp-json\/wp\/v2\/media\/63640"}],"wp:attachment":[{"href":"https:\/\/cdnoticias.com\/index.php\/wp-json\/wp\/v2\/media?parent=63637"}],"wp:term":[{"taxonomy":"category","embeddable":true,"href":"https:\/\/cdnoticias.com\/index.php\/wp-json\/wp\/v2\/categories?post=63637"},{"taxonomy":"post_tag","embeddable":true,"href":"https:\/\/cdnoticias.com\/index.php\/wp-json\/wp\/v2\/tags?post=63637"}],"curies":[{"name":"wp","href":"https:\/\/api.w.org\/{rel}","templated":true}]}}