{"id":63634,"date":"2022-08-30T09:14:36","date_gmt":"2022-08-30T12:14:36","guid":{"rendered":"https:\/\/www.centraldenoticias.com.ar\/?p=63634"},"modified":"2022-08-30T09:14:36","modified_gmt":"2022-08-30T12:14:36","slug":"encuentros-en-la-bebeteca-del-otro-lado-del-arbol","status":"publish","type":"post","link":"https:\/\/cdnoticias.com\/index.php\/2022\/08\/30\/encuentros-en-la-bebeteca-del-otro-lado-del-arbol\/","title":{"rendered":"Encuentros en la Bebeteca \u201cDel Otro lado del \u00c1rbol\u201d"},"content":{"rendered":"<p>Este mi\u00e9rcoles desde las 14 para ni\u00f1os de hasta 2 a\u00f1os con sus familias. Se requiere inscripci\u00f3n previa.<!--more--><\/p>\n<hr \/>\n<p><strong>Este mi\u00e9rcoles desde las 14 a las 15 abrir\u00e1 la Bebeteca \u201cDel Otro lado del \u00c1rbol\u201d<\/strong>, un espacio l\u00fadico para acercar la lectura a la primera infancia.<\/p>\n<p>&nbsp;<\/p>\n<p>La propuesta, gratuita, es para <strong>ni\u00f1os de hasta 2 a\u00f1os acompa\u00f1ados por sus familias<\/strong> y ser\u00e1 coordinada por Clara Andr\u00e9s.<\/p>\n<p>&nbsp;<\/p>\n<p>Las vacantes son limitadas y se requiere <strong>inscripci\u00f3n previa al 2284-631107<\/strong>.<\/p>\n<p>&nbsp;<\/p>\n<p><em>\u201cCuando la familia canta canciones de cuna, cuenta cuentos al beb\u00e9, ni\u00f1a, ni\u00f1o dedic\u00e1ndoles ese momento de atenci\u00f3n y cari\u00f1o, ellos van asociando la literatura al v\u00ednculo afectivo con los seres queridos y a su vez la posibilidad de ver otras formas, de descubrir historias, sorprenderse, reirse, emocionarse; en esas experiencias tempranas comienza la formaci\u00f3n del lector y por eso ofrecemos este espacio de Encuentros en la Bebeteca, para construir junto con sus mapadres y familias el inter\u00e9s por los libros y habito de la lectura desde sus primeros pasos\u201d.<\/em><\/p>\n<p>&nbsp;<\/p>\n","protected":false},"excerpt":{"rendered":"<p>Este mi\u00e9rcoles desde las 14 para ni\u00f1os de hasta 2 a\u00f1os con sus familias. Se requiere inscripci\u00f3n previa.<\/p>\n","protected":false},"author":4,"featured_media":63635,"comment_status":"closed","ping_status":"closed","sticky":false,"template":"","format":"standard","meta":{"_jetpack_memberships_contains_paid_content":false,"footnotes":""},"categories":[9,1],"tags":[],"class_list":["post-63634","post","type-post","status-publish","format-standard","has-post-thumbnail","hentry","category-cultura","category-portada"],"jetpack_featured_media_url":"https:\/\/i0.wp.com\/cdnoticias.com\/wp-content\/uploads\/2022\/08\/bebeteca.jpg?fit=800%2C445&ssl=1","jetpack_sharing_enabled":true,"_links":{"self":[{"href":"https:\/\/cdnoticias.com\/index.php\/wp-json\/wp\/v2\/posts\/63634","targetHints":{"allow":["GET"]}}],"collection":[{"href":"https:\/\/cdnoticias.com\/index.php\/wp-json\/wp\/v2\/posts"}],"about":[{"href":"https:\/\/cdnoticias.com\/index.php\/wp-json\/wp\/v2\/types\/post"}],"author":[{"embeddable":true,"href":"https:\/\/cdnoticias.com\/index.php\/wp-json\/wp\/v2\/users\/4"}],"replies":[{"embeddable":true,"href":"https:\/\/cdnoticias.com\/index.php\/wp-json\/wp\/v2\/comments?post=63634"}],"version-history":[{"count":0,"href":"https:\/\/cdnoticias.com\/index.php\/wp-json\/wp\/v2\/posts\/63634\/revisions"}],"wp:featuredmedia":[{"embeddable":true,"href":"https:\/\/cdnoticias.com\/index.php\/wp-json\/wp\/v2\/media\/63635"}],"wp:attachment":[{"href":"https:\/\/cdnoticias.com\/index.php\/wp-json\/wp\/v2\/media?parent=63634"}],"wp:term":[{"taxonomy":"category","embeddable":true,"href":"https:\/\/cdnoticias.com\/index.php\/wp-json\/wp\/v2\/categories?post=63634"},{"taxonomy":"post_tag","embeddable":true,"href":"https:\/\/cdnoticias.com\/index.php\/wp-json\/wp\/v2\/tags?post=63634"}],"curies":[{"name":"wp","href":"https:\/\/api.w.org\/{rel}","templated":true}]}}