{"id":63628,"date":"2022-08-29T21:01:16","date_gmt":"2022-08-30T00:01:16","guid":{"rendered":"https:\/\/www.centraldenoticias.com.ar\/?p=63628"},"modified":"2022-08-29T21:01:16","modified_gmt":"2022-08-30T00:01:16","slug":"javier-rodriguez-necesitamos-de-todos-y-de-todos-los-sectores","status":"publish","type":"post","link":"https:\/\/cdnoticias.com\/index.php\/2022\/08\/29\/javier-rodriguez-necesitamos-de-todos-y-de-todos-los-sectores\/","title":{"rendered":"Javier Rodr\u00edguez: \u201cNecesitamos de todos y de todos los sectores\u201d"},"content":{"rendered":"<p>El ministro de Desarrollo Agrario estuvo en Olavarr\u00eda para explicar los beneficios del Plan Ganado Bonaerense 6&#215;6. Una charla con productores, sus reclamos y el trabajo en el Partido. Buscan \u201cerradicar las enfermedades ven\u00e9reas que afectan al ganado de la Provincia\u201d <!--more--><\/p>\n<hr \/>\n<p>El <strong>ministro de Desarrollo Agrario de la Provincia, Javier Rodr\u00edguez, estuvo en Olavarr\u00eda en el marco de varias actividades<\/strong>, entre ellas la de presentar el<strong> Plan Ganado Bonaerense 6&#215;6<\/strong> en el que, charla mediante, dialog\u00f3 con productos ganaderos locales. Adem\u00e1s particip\u00f3 de la entrega de estacas en el marco del Plan de Incentivo de la Actividad Forestal.<\/p>\n<p>&nbsp;<\/p>\n<p>En la actividad estuvo acompa\u00f1ado del diputado provincial, C\u00e9sar Valicenti. <strong>Rodr\u00edguez realiz\u00f3 una alocuci\u00f3n en la que present\u00f3 el programa ganadero a los medios presentes<\/strong>: tiene por objetivo <em>\u201cmejorar la sanidad de los rodeos de la Provincia y para ello contempla cuatro l\u00edneas de acci\u00f3n: el an\u00e1lisis gratuito para el diagn\u00f3stico de ETS (bonificado); financiamiento para la reposici\u00f3n de toros con diagn\u00f3stico positivo a ETS y para infraestructura ganadera; la verificaci\u00f3n de la realizaci\u00f3n de los testeos, a partir del 15 de octubre y del 15 de mayo del a\u00f1o pr\u00f3ximo seg\u00fan la escala del productor; y asistencia t\u00e9cnica y capacitaciones\u201d.<\/em><\/p>\n<p>&nbsp;<\/p>\n<p><img data-recalc-dims=\"1\" loading=\"lazy\" decoding=\"async\" class=\"alignnone size-large wp-image-63612\" src=\"https:\/\/i0.wp.com\/cdnoticias.com\/wp-content\/uploads\/2022\/08\/rodriguezministro-olavarria.png?resize=800%2C480&#038;ssl=1\" alt=\"\" width=\"800\" height=\"480\" srcset=\"https:\/\/i0.wp.com\/cdnoticias.com\/wp-content\/uploads\/2022\/08\/rodriguezministro-olavarria.png?resize=1024%2C614&amp;ssl=1 1024w, https:\/\/i0.wp.com\/cdnoticias.com\/wp-content\/uploads\/2022\/08\/rodriguezministro-olavarria.png?resize=300%2C180&amp;ssl=1 300w, https:\/\/i0.wp.com\/cdnoticias.com\/wp-content\/uploads\/2022\/08\/rodriguezministro-olavarria.png?resize=768%2C461&amp;ssl=1 768w, https:\/\/i0.wp.com\/cdnoticias.com\/wp-content\/uploads\/2022\/08\/rodriguezministro-olavarria.png?resize=1536%2C922&amp;ssl=1 1536w, https:\/\/i0.wp.com\/cdnoticias.com\/wp-content\/uploads\/2022\/08\/rodriguezministro-olavarria.png?resize=2048%2C1229&amp;ssl=1 2048w, https:\/\/i0.wp.com\/cdnoticias.com\/wp-content\/uploads\/2022\/08\/rodriguezministro-olavarria.png?w=1600&amp;ssl=1 1600w, https:\/\/i0.wp.com\/cdnoticias.com\/wp-content\/uploads\/2022\/08\/rodriguezministro-olavarria.png?w=2400&amp;ssl=1 2400w\" sizes=\"auto, (max-width: 800px) 100vw, 800px\" \/><\/p>\n<p>&nbsp;<\/p>\n<p><strong>Esa escala fue eje de consultas y \u201cpreocupaci\u00f3n\u201d de los productores locales.<\/strong> En ese sentido, Rodr\u00edguez dijo que <em>\u201cvenimos generando charlas y capacitaciones desde hace dos a\u00f1os acerca de la importancia de esto, hay un momento donde hay que comenzar, y un consenso para establecer este requisito. Desde hace un tiempo era observable en las gu\u00edas de los Municipios. Venimos trabajando fuerte en difundir esto\u201d.<\/em><\/p>\n<p>&nbsp;<\/p>\n<p>Explic\u00f3, a su vez, que <em>\u201cestablecimos dos periodos: el 15 de octubre y el 15 de mayo del a\u00f1o siguiente. Entendemos que aquellos productores que tienen mayores necesidades de infraestructura se encuentran en el segundo lote, pero por supuesto que es importante que lo conversemos ahora\u201d.<\/em> Si bien admiti\u00f3 que <strong><em>\u201cparece lejana la fecha del a\u00f1o que viene, es fundamental comentarlo ahora. De eso depende el \u00e9xito del trabajo. Es importante que lo hagan todos: si un productor lo hace y el de al lado no, pasado el tiempo empieza de nuevo a venirse el tema abajo. Brindamos el acompa\u00f1amiento desde el Estado\u201d.<\/em><\/strong><\/p>\n<p>&nbsp;<\/p>\n<p><strong>La intenci\u00f3n del plan ganadero es mejorar la productividad<\/strong>. <em>\u201cSi el 90% de las productoras y productores bonaerenses realizaran testeos para enfermedades ven\u00e9reas de su ganado, podr\u00eda generarse una ca\u00edda de hasta 9 puntos en el nivel de prevalencia de las ETS; y si logr\u00e1ramos erradicar definitivamente estas enfermedades, podr\u00edamos contar con cerca de 870.000 terneros m\u00e1s por a\u00f1o\u201d<\/em>, explic\u00f3.<\/p>\n<p>&nbsp;<\/p>\n<p>El Plan Oficial de Prevenci\u00f3n y erradicaci\u00f3n de las Enfermedades de Transmisi\u00f3n Sexual (ETS) en Bovinos ofrece a productores y productoras an\u00e1lisis de diagn\u00f3stico de ETS gratuitos (hasta 5 toros testeados).\u00a0Al mismo tiempo, <strong>el MDA ofrece l\u00edneas de financiamiento, accesibles a peque\u00f1os y medianos productores y productoras para la reposici\u00f3n de toros con diagn\u00f3stico positivo a ETS, mejoras en las instalaciones ganaderas, implantaci\u00f3n de pasturas, y mejora gen\u00e9tica a trav\u00e9s de inseminaci\u00f3n artificial. Los montos otorgables var\u00edan de acuerdo al stock ganadero.<\/strong><\/p>\n<p>&nbsp;<\/p>\n<p>Cabe se\u00f1alar que<strong> aquellos animales no testeados para enfermedades ven\u00e9reas no podr\u00e1n ser trasladados dentro del territorio de la provincia de Buenos Aires a partir del 15 de octubre del presente a\u00f1o para aquellos productores y productoras que cuenten con m\u00e1s de 300 vacas.<\/strong> En tanto, para los establecimientos que tengan menos de ese stock de vacas, la medida entrar\u00e1 en vigencia a partir del 15 de mayo de 2023.<\/p>\n<p>&nbsp;<\/p>\n<p><em>\u201cEste plan posibilitar\u00e1 un aumento significativo de la productividad ganadera bonaerense, pero para alcanzar ese objetivo tenemos que trabajar de manera conjunta. Debemos reforzar las tareas de prevenci\u00f3n en articulaci\u00f3n con cada municipio y junto a todas y todos los actores que forman parte de la actividad. De esta forma, tambi\u00e9n vamos a aumentar la producci\u00f3n de carne y alimentos en la Provincia\u201d<\/em>, se\u00f1al\u00f3 Javier Rodr\u00edguez.<\/p>\n<p>&nbsp;<\/p>\n<p>En el marco de su visita al distrito, en las oficinas del MDA en Olavarr\u00eda, el ministro tambi\u00e9n hizo entrega de 6630 estacas de \u00e1lamo, 6230 de sauce y 500 casuarinas a productoras y productores de esa localidad, y de General Madariaga, Tornquist, Coronel Su\u00e1rez, General Lamadrid, Tandil y Adolfo Alsina, adem\u00e1s de establecimientos educativos y Escuelas Agrarias de Coronel Su\u00e1rez y Gral Madariaga, y Centros para la Producci\u00f3n Total de Rauch y Gral. La Madrid, en el marco del Plan de Incentivo de la Actividad Forestal.<\/p>\n<p>&nbsp;<\/p>\n<p>C\u00e9sar Valicenti, uno de los oradores, le dio<em> \u201cmarco a su presencia, tiene que ver con una decisi\u00f3n que tomamos hace tiempo ya fundamentalmente desde 2019 a la fecha. Una presencia territorial del gabinete de Axel Kicillof en la ciudad, concreta y de trabajo con los sectores\u201d.<\/em><\/p>\n<p>&nbsp;<\/p>\n<p><img data-recalc-dims=\"1\" loading=\"lazy\" decoding=\"async\" class=\"alignnone size-large wp-image-63617\" src=\"https:\/\/i0.wp.com\/cdnoticias.com\/wp-content\/uploads\/2022\/08\/valicenti-ministrorodriguez2.png?resize=800%2C480&#038;ssl=1\" alt=\"\" width=\"800\" height=\"480\" srcset=\"https:\/\/i0.wp.com\/cdnoticias.com\/wp-content\/uploads\/2022\/08\/valicenti-ministrorodriguez2.png?resize=1024%2C614&amp;ssl=1 1024w, https:\/\/i0.wp.com\/cdnoticias.com\/wp-content\/uploads\/2022\/08\/valicenti-ministrorodriguez2.png?resize=300%2C180&amp;ssl=1 300w, https:\/\/i0.wp.com\/cdnoticias.com\/wp-content\/uploads\/2022\/08\/valicenti-ministrorodriguez2.png?resize=768%2C461&amp;ssl=1 768w, https:\/\/i0.wp.com\/cdnoticias.com\/wp-content\/uploads\/2022\/08\/valicenti-ministrorodriguez2.png?resize=1536%2C922&amp;ssl=1 1536w, https:\/\/i0.wp.com\/cdnoticias.com\/wp-content\/uploads\/2022\/08\/valicenti-ministrorodriguez2.png?resize=2048%2C1229&amp;ssl=1 2048w, https:\/\/i0.wp.com\/cdnoticias.com\/wp-content\/uploads\/2022\/08\/valicenti-ministrorodriguez2.png?w=1600&amp;ssl=1 1600w, https:\/\/i0.wp.com\/cdnoticias.com\/wp-content\/uploads\/2022\/08\/valicenti-ministrorodriguez2.png?w=2400&amp;ssl=1 2400w\" sizes=\"auto, (max-width: 800px) 100vw, 800px\" \/><\/p>\n<p>&nbsp;<\/p>\n<blockquote><p>\u201cOlavarr\u00eda tiene un potencial econ\u00f3mico importante, es la ciudad del interior con mayor productividad en diferentes \u00e1reas, y la producci\u00f3n ganadera no solo es reconocida en la Provincia de Buenos Aires sino en el pa\u00eds\u201d justamente por ser \u201cuno de los principales distritos en tener cabezas de ganado\u201d.<\/p><\/blockquote>\n<p>&nbsp;<\/p>\n<p><em>\u201cHay una vocaci\u00f3n del Ministerio en trabajar con el sector productivo y sabemos que en Olavarr\u00eda es importante, la actividad ganadera y agropecuaria son los sectores que m\u00e1s desarrollo tienen en la ciudad y necesitan de un acompa\u00f1amiento, de las herramientas que trabaja el Ministerio, que est\u00e1n a disposici\u00f3n democr\u00e1ticamente para que puedan acceder\u201d.<\/em><\/p>\n<p>&nbsp;<\/p>\n<p>Con respecto a la relaci\u00f3n que tiene la Provincia con el sector del campo (que dista y mucho con la relaci\u00f3n que tienen con el gobierno nacional) el ministro Rodr\u00edguez destac\u00f3 que fue, b\u00e1sicamente, cumplir con una promesa de campa\u00f1a del gobernador Kicillof: <em>\u201ccreo que tenemos una oposici\u00f3n que tergiversa nuestra posici\u00f3n, nuestra mirada que dice cosas que no son y eso genera la dificultad del discurso nuestro que es muy claro\u201d.<\/em><\/p>\n<p>&nbsp;<\/p>\n<p>La intenci\u00f3n<strong><em> \u201ces fortalecer el interior y tambi\u00e9n tener pol\u00edticas concretas para el Gran Buenos Aires. Necesitamos de todos y de todos los sectores. Lo fuimos mostrando y tambi\u00e9n algo fundamental, no es solo de di\u00e1logo sino acciones\u201d.<\/em><\/strong><\/p>\n<p>&nbsp;<\/p>\n<p><img data-recalc-dims=\"1\" loading=\"lazy\" decoding=\"async\" class=\"alignnone size-large wp-image-63615\" src=\"https:\/\/i0.wp.com\/cdnoticias.com\/wp-content\/uploads\/2022\/08\/rodriguezministro-olavarria2.png?resize=800%2C480&#038;ssl=1\" alt=\"\" width=\"800\" height=\"480\" srcset=\"https:\/\/i0.wp.com\/cdnoticias.com\/wp-content\/uploads\/2022\/08\/rodriguezministro-olavarria2.png?resize=1024%2C614&amp;ssl=1 1024w, https:\/\/i0.wp.com\/cdnoticias.com\/wp-content\/uploads\/2022\/08\/rodriguezministro-olavarria2.png?resize=300%2C180&amp;ssl=1 300w, https:\/\/i0.wp.com\/cdnoticias.com\/wp-content\/uploads\/2022\/08\/rodriguezministro-olavarria2.png?resize=768%2C461&amp;ssl=1 768w, https:\/\/i0.wp.com\/cdnoticias.com\/wp-content\/uploads\/2022\/08\/rodriguezministro-olavarria2.png?resize=1536%2C922&amp;ssl=1 1536w, https:\/\/i0.wp.com\/cdnoticias.com\/wp-content\/uploads\/2022\/08\/rodriguezministro-olavarria2.png?resize=2048%2C1229&amp;ssl=1 2048w, https:\/\/i0.wp.com\/cdnoticias.com\/wp-content\/uploads\/2022\/08\/rodriguezministro-olavarria2.png?w=1600&amp;ssl=1 1600w, https:\/\/i0.wp.com\/cdnoticias.com\/wp-content\/uploads\/2022\/08\/rodriguezministro-olavarria2.png?w=2400&amp;ssl=1 2400w\" sizes=\"auto, (max-width: 800px) 100vw, 800px\" \/><\/p>\n<p>&nbsp;<\/p>\n<p>Y como ejemplo plante\u00f3 el trabajo con el Municipio local con la <strong>participaci\u00f3n de las 2 etapas del Plan Integral de Mejora de Caminos Rurales<\/strong>. <em>\u201cComo parte de la primera etapa, la cartera agraria destin\u00f3 $4.464.052 para la provisi\u00f3n de se\u00f1alizaci\u00f3n vial y la reparaci\u00f3n de dos puentes, uno sobre el camino provincial de tierra 78-1-11 y el otro sobre el camino provincial de tierra 78-1-50; ambos de vital importancia para la conexi\u00f3n de vecinos en las localidades rurales de Blanca Grande, Recalde y Maipis, y el acceso a la escuela N\u00b034 \u201cLas Piedritas\u201d.<\/em><\/p>\n<p>&nbsp;<\/p>\n<p>Dentro de la segunda etapa, el MDA entreg\u00f3 $19.996.900 para estabilizar un total de 10,5 km en el camino conocido como \u201cFrontera Sur\u201d, v\u00eda de acceso y salida a la Ruta Provincial N\u00ba 51. Esta obra tiene un avance del 85% y no solo garantizar\u00e1 una mejor salida de la producci\u00f3n agr\u00edcola y ganadera, sino tambi\u00e9n mejorar\u00e1 el acceso de los habitantes de Villa la Serran\u00eda y Cochitue, y de los alumnos de la Escuela Primaria Rural N\u00ba 15 \u201cEstanislao del Campo\u201d.<\/p>\n<p>&nbsp;<\/p>\n<p>&#8220;<em>La mejora de los caminos rurales no s\u00f3lo facilita el traslado de la producci\u00f3n, sino tambi\u00e9n la circulaci\u00f3n de toda la comunidad rural, la conexi\u00f3n de peque\u00f1as localidades y parajes, el acceso a escuelas y centros de asistencia sanitaria. En definitiva, estas obras mejoran las condiciones de vida en el interior de la Provincia&#8221;<\/em>, destac\u00f3 el ministro Javier Rodr\u00edguez.<\/p>\n<p>&nbsp;<\/p>\n<blockquote><p>Y detall\u00f3: <em>&#8220;A trav\u00e9s del Plan Integral de Mejora de Caminos Rurales, el Estado provincial invirti\u00f3 m\u00e1s de 15 mil millones de pesos para realizar 270 obras en m\u00e1s de 100 municipios que significaron la refacci\u00f3n de 3.260 km&#8221;.<\/em><\/p><\/blockquote>\n<p>&nbsp;<\/p>\n<p><strong><em>\u201cKicillof ha sido muy claro: trabajamos con absolutamente todos los distritos y se ve d\u00eda a d\u00eda y en las acciones que llevamos adelante\u201d<\/em><\/strong> dijo Rodr\u00edguez en conferencia de prensa.<\/p>\n<p>&nbsp;<\/p>\n<p>Acompa\u00f1aron al ministro, el subsecretario de Desarrollo Agrario y Calidad Agroalimentaria, Cristian Amarilla; el director provincial de Agricultura, Manuel Mart\u00edn; y el director de Innovaci\u00f3n Productiva, Extensi\u00f3n y Transferencia Tecnol\u00f3gica, Emiliano Cuciuffo, adem\u00e1s de dirigentes y funcionarios tales como Federico Aguilera, Eduardo Rodr\u00edguez, y concejales del Frente de Todos.<\/p>\n","protected":false},"excerpt":{"rendered":"<p>El ministro de Desarrollo Agrario estuvo en Olavarr\u00eda para explicar los beneficios del Plan Ganado Bonaerense 6&#215;6. Una charla con<\/p>\n","protected":false},"author":2,"featured_media":63614,"comment_status":"closed","ping_status":"closed","sticky":false,"template":"","format":"standard","meta":{"_jetpack_memberships_contains_paid_content":false,"footnotes":""},"categories":[4,1],"tags":[],"class_list":["post-63628","post","type-post","status-publish","format-standard","has-post-thumbnail","hentry","category-politica","category-portada"],"jetpack_featured_media_url":"https:\/\/i0.wp.com\/cdnoticias.com\/wp-content\/uploads\/2022\/08\/rodriguezministro-olavarria1.png?fit=4608%2C2765&ssl=1","jetpack_sharing_enabled":true,"_links":{"self":[{"href":"https:\/\/cdnoticias.com\/index.php\/wp-json\/wp\/v2\/posts\/63628","targetHints":{"allow":["GET"]}}],"collection":[{"href":"https:\/\/cdnoticias.com\/index.php\/wp-json\/wp\/v2\/posts"}],"about":[{"href":"https:\/\/cdnoticias.com\/index.php\/wp-json\/wp\/v2\/types\/post"}],"author":[{"embeddable":true,"href":"https:\/\/cdnoticias.com\/index.php\/wp-json\/wp\/v2\/users\/2"}],"replies":[{"embeddable":true,"href":"https:\/\/cdnoticias.com\/index.php\/wp-json\/wp\/v2\/comments?post=63628"}],"version-history":[{"count":0,"href":"https:\/\/cdnoticias.com\/index.php\/wp-json\/wp\/v2\/posts\/63628\/revisions"}],"wp:featuredmedia":[{"embeddable":true,"href":"https:\/\/cdnoticias.com\/index.php\/wp-json\/wp\/v2\/media\/63614"}],"wp:attachment":[{"href":"https:\/\/cdnoticias.com\/index.php\/wp-json\/wp\/v2\/media?parent=63628"}],"wp:term":[{"taxonomy":"category","embeddable":true,"href":"https:\/\/cdnoticias.com\/index.php\/wp-json\/wp\/v2\/categories?post=63628"},{"taxonomy":"post_tag","embeddable":true,"href":"https:\/\/cdnoticias.com\/index.php\/wp-json\/wp\/v2\/tags?post=63628"}],"curies":[{"name":"wp","href":"https:\/\/api.w.org\/{rel}","templated":true}]}}