{"id":63605,"date":"2022-08-30T17:30:05","date_gmt":"2022-08-30T20:30:05","guid":{"rendered":"https:\/\/www.centraldenoticias.com.ar\/?p=63605"},"modified":"2022-08-30T17:30:05","modified_gmt":"2022-08-30T20:30:05","slug":"familiares-de-desaparecidos-podran-dejar-muestras-de-sangre-en-hospitales-publicos-bonaerenses","status":"publish","type":"post","link":"https:\/\/cdnoticias.com\/index.php\/2022\/08\/30\/familiares-de-desaparecidos-podran-dejar-muestras-de-sangre-en-hospitales-publicos-bonaerenses\/","title":{"rendered":"Familiares de desaparecidos podr\u00e1n dejar muestras de sangre en hospitales p\u00fablicos bonaerenses"},"content":{"rendered":"<div class=\"td_block_wrap tdb_single_subtitle tdi_72 td-pb-border-top td_block_template_1\" data-td-block-uid=\"tdi_72\">\n<div class=\"tdb-block-inner td-fix-index\">\n<p>Se busca identificar unos 600 cuerpos hallados en fosas comunes e individuales de cementerios de la provincia de Buenos Aires, enterrados durante la \u00faltima dictadura militar.<\/p>\n<\/div>\n<\/div>\n<p><!--more--><\/p>\n<hr \/>\n<div class=\"td_block_wrap tdb_single_date tdi_73 td-pb-border-top td_block_template_1 tdb-post-meta\" data-td-block-uid=\"tdi_73\"><\/div>\n<div data-td-block-uid=\"tdi_73\">\n<p>La Subsecretar\u00eda de Derechos Humanos y el Ministerio de Salud bonaerenses firmar\u00e1n un convenio para que los <strong>hospitales p\u00fablicos provinciales tomen muestras de sangre a familiares de desaparecidos de la \u00faltima dictadura militar<\/strong>, para su an\u00e1lisis y<strong> comparaci\u00f3n con unos<\/strong> <strong>600 restos \u00f3seos hallados en fosas comunes e individuales que datan de esa \u00e9poca y a\u00fan falta identificar.<\/strong><\/p>\n<p>&nbsp;<\/p>\n<p>La iniciativa se enmarca en los actos por el <strong>D\u00eda de las y los detenidos desaparecidos que se conmemora este martes 30 de agosto<\/strong>. La r\u00fabrica del convenio se llevar\u00e1 a cabo en el Auditorio de la Subsecretar\u00eda de Derechos Humanos de la Provincia de Buenos Aires, en la ciudad de La Plata.<\/p>\n<p>&nbsp;<\/p>\n<p>En ese acto se firmar\u00e1 el Convenio entre el Ministerio de Salud de la Provincia de Buenos Aires, la Subsecretar\u00eda de Derechos Humanos del Ministerio de Justicia y Derechos Humanos bonaerense y el Equipo Argentino de Antropolog\u00eda Forense (EAAF) para la toma de <strong>muestras de sangre de familiares de v\u00edctimas del terrorismo de Estado<\/strong> en los hospitales p\u00fablicos de la Provincia de Buenos Aires.<\/p>\n<p>&nbsp;<\/p>\n<p>El trabajo es impulsado en el marco de la Iniciativa Latinoamericana para la <strong>Identificaci\u00f3n de Personas Desaparecidas<\/strong> (ILID), que desde su creaci\u00f3n en 2007 logr\u00f3 identificar 521 restos, de los cuales 304 fueron hallados en la provincia de Buenos Aires.<\/p>\n<p>&nbsp;<\/p>\n<p>Seg\u00fan precis\u00f3 la Subsecretar\u00eda, con la firma del convenio se institucionaliza la toma que ya comenz\u00f3 a realizarse en 19 hospitales p\u00fablicos y que permiti\u00f3 recolectar 80 muestras.<\/p>\n<p>&nbsp;<\/p>\n<p><em><strong>\u201cSi ten\u00e9s un familiar v\u00edctima de desaparici\u00f3n forzada entre 1974 y 1983, ten\u00e9s derecho a saber si su cuerpo fue hallado. A\u00fan quedan 600 restos NN. Una gota de tu sangre puede ayudar a identificarlo\u201d,<\/strong><\/em> expresa la convocatoria lanzada desde la Subsecretar\u00eda de Derechos Humanos a cargo de Mat\u00edas Moreno.<\/p>\n<p>&nbsp;<\/p>\n<p><strong>600 restos NN<\/strong><\/p>\n<p>&nbsp;<\/p>\n<p>Unos<strong> 600 cuerpos hallados en fosas comunes e individuales<\/strong> de cementerios de la provincia de Buenos Aires, <strong>enterrados all\u00ed durante la \u00faltima dictadura, no pudieron ser identificados<\/strong> por la falta de perfiles gen\u00e9ticos para cotejar el ADN.<\/p>\n<p>&nbsp;<\/p>\n<p>Se trata de cuerpos esqueletizados de ambos sexos que presentan lesiones traum\u00e1ticas y <strong>fueron enterrados como NN<\/strong> en los cementerios de Avellaneda, Lomas de Zamora, La Plata y La Matanza.<\/p>\n<p>&nbsp;<\/p>\n<p>En el acto de ma\u00f1ana se realizar\u00e1 la presentaci\u00f3n del libro \u201cNada de lo que sucede se olvida\u201d, realizado por Rosana Cassataro y Mariano Morello y editado por la Editorial MeVeJu de la Subsecretar\u00eda de Derechos Humanos de la Provincia, para la difusi\u00f3n y visibilizaci\u00f3n de la ILID.<\/p>\n<p>&nbsp;<\/p>\n<p>Finalmente, se conmemorar\u00e1n los 15 a\u00f1os de la implementaci\u00f3n de la ILID en la Provincia de Buenos Aires, cuya aplicaci\u00f3n en territorio bonaerense est\u00e1 a cargo de la Direcci\u00f3n de Investigaci\u00f3n y Memoria de la Subsecretar\u00eda de Derechos Humanos de la Provincia.<\/p>\n<\/div>\n<p>&nbsp;<\/p>\n<p><em>Fuente: DIB<\/em><\/p>\n","protected":false},"excerpt":{"rendered":"<p>Se busca identificar unos 600 cuerpos hallados en fosas comunes e individuales de cementerios de la provincia de Buenos Aires,<\/p>\n","protected":false},"author":6,"featured_media":63606,"comment_status":"closed","ping_status":"closed","sticky":false,"template":"","format":"standard","meta":{"_jetpack_memberships_contains_paid_content":false,"footnotes":""},"categories":[6,1],"tags":[],"class_list":["post-63605","post","type-post","status-publish","format-standard","has-post-thumbnail","hentry","category-nacionales","category-portada"],"jetpack_featured_media_url":"https:\/\/i0.wp.com\/cdnoticias.com\/wp-content\/uploads\/2022\/08\/muestras-de-sangre-696x470-1.jpg?fit=696%2C470&ssl=1","jetpack_sharing_enabled":true,"_links":{"self":[{"href":"https:\/\/cdnoticias.com\/index.php\/wp-json\/wp\/v2\/posts\/63605","targetHints":{"allow":["GET"]}}],"collection":[{"href":"https:\/\/cdnoticias.com\/index.php\/wp-json\/wp\/v2\/posts"}],"about":[{"href":"https:\/\/cdnoticias.com\/index.php\/wp-json\/wp\/v2\/types\/post"}],"author":[{"embeddable":true,"href":"https:\/\/cdnoticias.com\/index.php\/wp-json\/wp\/v2\/users\/6"}],"replies":[{"embeddable":true,"href":"https:\/\/cdnoticias.com\/index.php\/wp-json\/wp\/v2\/comments?post=63605"}],"version-history":[{"count":0,"href":"https:\/\/cdnoticias.com\/index.php\/wp-json\/wp\/v2\/posts\/63605\/revisions"}],"wp:featuredmedia":[{"embeddable":true,"href":"https:\/\/cdnoticias.com\/index.php\/wp-json\/wp\/v2\/media\/63606"}],"wp:attachment":[{"href":"https:\/\/cdnoticias.com\/index.php\/wp-json\/wp\/v2\/media?parent=63605"}],"wp:term":[{"taxonomy":"category","embeddable":true,"href":"https:\/\/cdnoticias.com\/index.php\/wp-json\/wp\/v2\/categories?post=63605"},{"taxonomy":"post_tag","embeddable":true,"href":"https:\/\/cdnoticias.com\/index.php\/wp-json\/wp\/v2\/tags?post=63605"}],"curies":[{"name":"wp","href":"https:\/\/api.w.org\/{rel}","templated":true}]}}