{"id":63567,"date":"2022-08-29T13:50:32","date_gmt":"2022-08-29T16:50:32","guid":{"rendered":"https:\/\/www.centraldenoticias.com.ar\/?p=63567"},"modified":"2022-08-29T16:30:23","modified_gmt":"2022-08-29T19:30:23","slug":"el-22-de-septiembre-el-hcd-sesionara-en-la-localidad-de-loma-negra","status":"publish","type":"post","link":"https:\/\/cdnoticias.com\/index.php\/2022\/08\/29\/el-22-de-septiembre-el-hcd-sesionara-en-la-localidad-de-loma-negra\/","title":{"rendered":"El 22 de septiembre el HCD sesionar\u00e1 en la localidad de Loma Negra"},"content":{"rendered":"<p>A fin de coordinar la organizaci\u00f3n, este lunes la presidenta Cecilia Krivochen junto a la secretaria legislativa Margarita Arregui, se reunieron con el delegado Gabriel Suburu.<!--more--><\/p>\n<hr \/>\n<p><strong>La presidenta del Concejo Deliberante, Cecilia Krivochen<\/strong> acompa\u00f1ada por la <strong>secretaria legislativa Margarita Arregui<\/strong>, visitaron este lunes la <strong>Delegaci\u00f3n Municipal de Loma Negra<\/strong> donde fueron recibidas por el <strong>delegado Gabriel Suburu<\/strong>.<\/p>\n<p>&nbsp;<\/p>\n<p>En el desarrollo de la reuni\u00f3n, la presidenta del HCD inform\u00f3 al delegado municipal que<strong> el pr\u00f3ximo jueves 22 de septiembre se desarrollar\u00e1 en la localidad de Loma Negra la 13\u00b0 sesi\u00f3n ordinaria del periodo 2022<\/strong>.<\/p>\n<p>&nbsp;<\/p>\n<p><img data-recalc-dims=\"1\" loading=\"lazy\" decoding=\"async\" class=\"size-full wp-image-63568 aligncenter\" src=\"https:\/\/i0.wp.com\/cdnoticias.com\/wp-content\/uploads\/2022\/08\/HCD-Loma-Negra-0.jpg?resize=800%2C445&#038;ssl=1\" alt=\"\" width=\"800\" height=\"445\" srcset=\"https:\/\/i0.wp.com\/cdnoticias.com\/wp-content\/uploads\/2022\/08\/HCD-Loma-Negra-0.jpg?w=800&amp;ssl=1 800w, https:\/\/i0.wp.com\/cdnoticias.com\/wp-content\/uploads\/2022\/08\/HCD-Loma-Negra-0.jpg?resize=300%2C167&amp;ssl=1 300w, https:\/\/i0.wp.com\/cdnoticias.com\/wp-content\/uploads\/2022\/08\/HCD-Loma-Negra-0.jpg?resize=768%2C427&amp;ssl=1 768w\" sizes=\"auto, (max-width: 800px) 100vw, 800px\" \/><\/p>\n<p>&nbsp;<\/p>\n<p>En este sentido las autoridades del HCD junto con el delegado municipal <strong>coordinaron acciones para la realizaci\u00f3n de la sesi\u00f3n<\/strong> que est\u00e1 establecida en el Cap\u00edtulo VIII Art. 36 del Reglamento Interno del Honorable Concejo Deliberante.<\/p>\n<p>&nbsp;<\/p>\n<blockquote><p>Tras la reuni\u00f3n Cecilia Krivochen destac\u00f3 el positivo encuentro con el delegado municipal quien se puso a disposici\u00f3n del HCD para concretar dicha sesi\u00f3n. \u201cGabriel es un delegado muy comprometido con la localidad y ha demostrado importantes avances en la gesti\u00f3n de la Delegaci\u00f3n, generando un fuerte v\u00ednculo con los vecinos y las vecinas de Loma Negra\u201d, dijo Cecilia Krivochen.<\/p><\/blockquote>\n<p>&nbsp;<\/p>\n<blockquote class=\"twitter-tweet\">\n<p dir=\"ltr\" lang=\"es\">La presidenta del HCD, Cecilia Krivochen junto con la Secretaria Legislativa, Margarita Arregui visitaron la Delegaci\u00f3n de Loma Negra y fueron recibidas por el Delegado Gabriel Suburu. <a href=\"https:\/\/t.co\/nwDrCz3KFu\">pic.twitter.com\/nwDrCz3KFu<\/a><\/p>\n<p>\u2014 HCD Olavarr\u00eda (@HCD_OLAVARRIA) <a href=\"https:\/\/twitter.com\/HCD_OLAVARRIA\/status\/1564232403727421440?ref_src=twsrc%5Etfw\">August 29, 2022<\/a><\/p><\/blockquote>\n<p><script async src=\"https:\/\/platform.twitter.com\/widgets.js\" charset=\"utf-8\"><\/script><\/p>\n<p>&nbsp;<\/p>\n<p>Asimismo, <strong>resalt\u00f3 el trabajo que la Delegaci\u00f3n viene realizando en la apertura de la calle Islas Malvinas<\/strong>.<\/p>\n<p>&nbsp;<\/p>\n<blockquote><p>\u201cSe trata de una demanda hist\u00f3rica de los vecinos que a partir de la gesti\u00f3n de Gabriel y con el trabajo coordinado con el Municipio se pudo llevar adelante\u201d, manifest\u00f3 Cecilia Krivochen.<\/p><\/blockquote>\n","protected":false},"excerpt":{"rendered":"<p>A fin de coordinar la organizaci\u00f3n, este lunes la presidenta Cecilia Krivochen junto a la secretaria legislativa Margarita Arregui, se<\/p>\n","protected":false},"author":4,"featured_media":63569,"comment_status":"closed","ping_status":"closed","sticky":false,"template":"","format":"standard","meta":{"_jetpack_memberships_contains_paid_content":false,"footnotes":""},"categories":[4,1],"tags":[],"class_list":["post-63567","post","type-post","status-publish","format-standard","has-post-thumbnail","hentry","category-politica","category-portada"],"jetpack_featured_media_url":"https:\/\/i0.wp.com\/cdnoticias.com\/wp-content\/uploads\/2022\/08\/HCD-Loma-Negra.jpg?fit=800%2C445&ssl=1","jetpack_sharing_enabled":true,"_links":{"self":[{"href":"https:\/\/cdnoticias.com\/index.php\/wp-json\/wp\/v2\/posts\/63567","targetHints":{"allow":["GET"]}}],"collection":[{"href":"https:\/\/cdnoticias.com\/index.php\/wp-json\/wp\/v2\/posts"}],"about":[{"href":"https:\/\/cdnoticias.com\/index.php\/wp-json\/wp\/v2\/types\/post"}],"author":[{"embeddable":true,"href":"https:\/\/cdnoticias.com\/index.php\/wp-json\/wp\/v2\/users\/4"}],"replies":[{"embeddable":true,"href":"https:\/\/cdnoticias.com\/index.php\/wp-json\/wp\/v2\/comments?post=63567"}],"version-history":[{"count":0,"href":"https:\/\/cdnoticias.com\/index.php\/wp-json\/wp\/v2\/posts\/63567\/revisions"}],"wp:featuredmedia":[{"embeddable":true,"href":"https:\/\/cdnoticias.com\/index.php\/wp-json\/wp\/v2\/media\/63569"}],"wp:attachment":[{"href":"https:\/\/cdnoticias.com\/index.php\/wp-json\/wp\/v2\/media?parent=63567"}],"wp:term":[{"taxonomy":"category","embeddable":true,"href":"https:\/\/cdnoticias.com\/index.php\/wp-json\/wp\/v2\/categories?post=63567"},{"taxonomy":"post_tag","embeddable":true,"href":"https:\/\/cdnoticias.com\/index.php\/wp-json\/wp\/v2\/tags?post=63567"}],"curies":[{"name":"wp","href":"https:\/\/api.w.org\/{rel}","templated":true}]}}