{"id":63461,"date":"2022-08-28T18:07:08","date_gmt":"2022-08-28T21:07:08","guid":{"rendered":"https:\/\/www.centraldenoticias.com.ar\/?p=63461"},"modified":"2022-08-28T18:07:08","modified_gmt":"2022-08-28T21:07:08","slug":"se-licito-la-ampliacion-de-red-de-agua-en-barrio-evita","status":"publish","type":"post","link":"https:\/\/cdnoticias.com\/index.php\/2022\/08\/28\/se-licito-la-ampliacion-de-red-de-agua-en-barrio-evita\/","title":{"rendered":"Se licit\u00f3 la ampliaci\u00f3n de red de agua en Barrio Evita"},"content":{"rendered":"<p>El presupuesto oficial fue fijado en la suma $6.045.370,45.<!--more--><\/p>\n<hr \/>\n<p>&nbsp;<\/p>\n<p>Este viernes por la ma\u00f1ana en el Palacio San Mart\u00edn se llev\u00f3 a cabo la<strong> apertura de la licitaci\u00f3n privada<\/strong> para llevar adelante la <strong>obra de ampliaci\u00f3n de red de agua corriente en Junta Vecinal de Barrio Evita.<\/strong><\/p>\n<p>&nbsp;<\/p>\n<p>La licitaci\u00f3n abarca<strong> tres sectores<\/strong> comprendidos entre calles <strong>R\u00edo Negro, avenida La Rioja, Rend\u00f3n y avenida Avellaneda; avenida Pueyrred\u00f3n entre Santa Cruz y R\u00edo Negro y avenida Pueyrred\u00f3n entre avenida La Rioja y Buenos Aire<\/strong>s.<\/p>\n<p>&nbsp;<\/p>\n<p>El acto de apertura fue encabezado por la directora de Licitaci\u00f3n Pilar Ciardelli y representantes de empresas oferentes. A continuaci\u00f3n, se detallan las propuestas econ\u00f3micas:<\/p>\n<p>&nbsp;<\/p>\n<p>Proponente N\u00ba 1: Obras Civiles Alis S.A. cotiz\u00f3 la suma de <strong>$5.981.382.<\/strong><\/p>\n<p>Proponente N\u00ba 2: Bordakewicz Maximiliano cotiz\u00f3 la suma de <strong>$6.238.274.<\/strong><\/p>\n<p>&nbsp;<\/p>\n<p>El <strong>presupuesto oficial fue fijado en la suma $ 6.045.370,45 <\/strong>y el <strong>plazo de obra es de 90 d\u00edas<\/strong>. El proyecto fue elaborado por el equipo de la Secretar\u00eda de Mantenimiento y Obras P\u00fablicas de la Municipalidad y se encuentra incluido en el Plan Integral que busca alcanzar un mayor porcentaje de cobertura del servicio de red de agua corriente.<\/p>\n","protected":false},"excerpt":{"rendered":"<p>El presupuesto oficial fue fijado en la suma $6.045.370,45.<\/p>\n","protected":false},"author":6,"featured_media":63462,"comment_status":"closed","ping_status":"closed","sticky":false,"template":"","format":"standard","meta":{"_jetpack_memberships_contains_paid_content":false,"footnotes":""},"categories":[5,1],"tags":[],"class_list":["post-63461","post","type-post","status-publish","format-standard","has-post-thumbnail","hentry","category-informacion-general","category-portada"],"jetpack_featured_media_url":"https:\/\/i0.wp.com\/cdnoticias.com\/wp-content\/uploads\/2022\/08\/Licitaciones-Agua-en-B%C2%B0Evita-1024x682-1.jpg?fit=1024%2C682&ssl=1","jetpack_sharing_enabled":true,"_links":{"self":[{"href":"https:\/\/cdnoticias.com\/index.php\/wp-json\/wp\/v2\/posts\/63461","targetHints":{"allow":["GET"]}}],"collection":[{"href":"https:\/\/cdnoticias.com\/index.php\/wp-json\/wp\/v2\/posts"}],"about":[{"href":"https:\/\/cdnoticias.com\/index.php\/wp-json\/wp\/v2\/types\/post"}],"author":[{"embeddable":true,"href":"https:\/\/cdnoticias.com\/index.php\/wp-json\/wp\/v2\/users\/6"}],"replies":[{"embeddable":true,"href":"https:\/\/cdnoticias.com\/index.php\/wp-json\/wp\/v2\/comments?post=63461"}],"version-history":[{"count":0,"href":"https:\/\/cdnoticias.com\/index.php\/wp-json\/wp\/v2\/posts\/63461\/revisions"}],"wp:featuredmedia":[{"embeddable":true,"href":"https:\/\/cdnoticias.com\/index.php\/wp-json\/wp\/v2\/media\/63462"}],"wp:attachment":[{"href":"https:\/\/cdnoticias.com\/index.php\/wp-json\/wp\/v2\/media?parent=63461"}],"wp:term":[{"taxonomy":"category","embeddable":true,"href":"https:\/\/cdnoticias.com\/index.php\/wp-json\/wp\/v2\/categories?post=63461"},{"taxonomy":"post_tag","embeddable":true,"href":"https:\/\/cdnoticias.com\/index.php\/wp-json\/wp\/v2\/tags?post=63461"}],"curies":[{"name":"wp","href":"https:\/\/api.w.org\/{rel}","templated":true}]}}